{"id":65082,"date":"2026-04-30T10:31:24","date_gmt":"2026-04-30T08:31:24","guid":{"rendered":"https:\/\/interreg-sudoe.eu\/noticia-proyecto\/repo-sudoe-acerca-a-los-jovenes-a-la-ciencia-con-experiencias-inmersivas\/"},"modified":"2026-04-30T10:32:43","modified_gmt":"2026-04-30T08:32:43","slug":"repo-sudoe-acerca-a-los-jovenes-a-la-ciencia-con-experiencias-inmersivas","status":"publish","type":"noticia-proyecto","link":"https:\/\/interreg-sudoe.eu\/pt-pt\/noticia-proyecto\/repo-sudoe-acerca-a-los-jovenes-a-la-ciencia-con-experiencias-inmersivas\/","title":{"rendered":"RePo-SUDOE aproxima jovens da ci\u00eancia com experi\u00eancias imersivas"},"content":{"rendered":"<p data-start=\"1491\" data-end=\"1937\">O projeto <span class=\"hover:entity-accent entity-underline inline cursor-pointer align-baseline\"><span class=\"whitespace-normal\">RePo-SUDOE<\/span><\/span> marcou presen\u00e7a no <span class=\"hover:entity-accent entity-underline inline cursor-pointer align-baseline\"><span class=\"whitespace-normal\"><strong>Dia Aberto das Profiss\u00f5e<\/strong>s<\/span><\/span>, realizado a 24 de abril e organizado pelo <span class=\"hover:entity-accent entity-underline inline cursor-pointer align-baseline\"><span class=\"whitespace-normal\">Agrupamento de Escolas de Figueira de Castelo Rodrigo<\/span><\/span>, em <span class=\"hover:entity-accent entity-underline inline cursor-pointer align-baseline\"><span class=\"whitespace-normal\">Portugal<\/span><\/span>. Durante o evento, <strong>o cons\u00f3rcio apresentou o seu trabalho na \u00e1rea do reposicionamento de f\u00e1rmacos atrav\u00e9s de demonstra\u00e7\u00f5es de visualiza\u00e7\u00e3o cient\u00edfica<\/strong> com recurso a tecnologias de realidade virtual e realidade aumentada.<\/p>\n<p data-start=\"1939\" data-end=\"2287\">Estas atividades proporcionaram aos participantes uma experi\u00eancia imersiva e interativa, facilitando a compreens\u00e3o de conceitos complexos de forma acess\u00edvel. A iniciativa contribuiu para despertar o interesse dos jovens pela ci\u00eancia, tecnologia e investiga\u00e7\u00e3o em sa\u00fade, refor\u00e7ando o papel do projeto na promo\u00e7\u00e3o do conhecimento junto da comunidade.<\/p>\n","protected":false},"excerpt":{"rendered":"<p>O projeto RePo-SUDOE marcou presen\u00e7a no Dia Aberto das Profiss\u00f5es, realizado a 24 de abril e organizado pelo Agrupamento de Escolas de Figueira de Castelo Rodrigo, em Portugal. Durante o evento, o cons\u00f3rcio apresentou o seu trabalho na \u00e1rea do reposicionamento de f\u00e1rmacos atrav\u00e9s de demonstra\u00e7\u00f5es de visualiza\u00e7\u00e3o cient\u00edfica com recurso a tecnologias de realidade [&hellip;]<\/p>\n","protected":false},"author":4919,"featured_media":65078,"parent":0,"template":"","meta":{"_acf_changed":false,"content-type":"","_monsterinsights_skip_tracking":false,"_monsterinsights_sitenote_active":false,"_monsterinsights_sitenote_note":"","_monsterinsights_sitenote_category":0},"class_list":["post-65082","noticia-proyecto","type-noticia-proyecto","status-publish","has-post-thumbnail","hentry"],"acf":[],"yoast_head":"<!-- This site is optimized with the Yoast SEO plugin v27.4 - https:\/\/yoast.com\/product\/yoast-seo-wordpress\/ -->\n<title>RePo-SUDOE aproxima jovens da ci\u00eancia com experi\u00eancias imersivas - Interreg Sudoe<\/title>\n<meta name=\"robots\" content=\"index, follow, max-snippet:-1, max-image-preview:large, max-video-preview:-1\" \/>\n<link rel=\"canonical\" href=\"https:\/\/interreg-sudoe.eu\/pt-pt\/noticia-proyecto\/repo-sudoe-acerca-a-los-jovenes-a-la-ciencia-con-experiencias-inmersivas\/\" \/>\n<meta property=\"og:locale\" content=\"pt_PT\" \/>\n<meta property=\"og:type\" content=\"article\" \/>\n<meta property=\"og:title\" content=\"RePo-SUDOE aproxima jovens da ci\u00eancia com experi\u00eancias imersivas - Interreg Sudoe\" \/>\n<meta property=\"og:description\" content=\"O projeto RePo-SUDOE marcou presen\u00e7a no Dia Aberto das Profiss\u00f5es, realizado a 24 de abril e organizado pelo Agrupamento de Escolas de Figueira de Castelo Rodrigo, em Portugal. Durante o evento, o cons\u00f3rcio apresentou o seu trabalho na \u00e1rea do reposicionamento de f\u00e1rmacos atrav\u00e9s de demonstra\u00e7\u00f5es de visualiza\u00e7\u00e3o cient\u00edfica com recurso a tecnologias de realidade [&hellip;]\" \/>\n<meta property=\"og:url\" content=\"https:\/\/interreg-sudoe.eu\/pt-pt\/noticia-proyecto\/repo-sudoe-acerca-a-los-jovenes-a-la-ciencia-con-experiencias-inmersivas\/\" \/>\n<meta property=\"og:site_name\" content=\"Interreg Sudoe\" \/>\n<meta property=\"article:publisher\" content=\"https:\/\/www.facebook.com\/interregsudoe\" \/>\n<meta property=\"article:modified_time\" content=\"2026-04-30T08:32:43+00:00\" \/>\n<meta property=\"og:image\" content=\"https:\/\/interreg-sudoe.eu\/wp-content\/uploads\/2026\/04\/Phot0_05.jpg\" \/>\n\t<meta property=\"og:image:width\" content=\"1980\" \/>\n\t<meta property=\"og:image:height\" content=\"1324\" \/>\n\t<meta property=\"og:image:type\" content=\"image\/jpeg\" \/>\n<meta name=\"twitter:card\" content=\"summary_large_image\" \/>\n<meta name=\"twitter:site\" content=\"@Sudoe5\" \/>\n<meta name=\"twitter:label1\" content=\"Tempo estimado de leitura\" \/>\n\t<meta name=\"twitter:data1\" content=\"1 minuto\" \/>\n<script type=\"application\/ld+json\" class=\"yoast-schema-graph\">{\"@context\":\"https:\\\/\\\/schema.org\",\"@graph\":[{\"@type\":\"WebPage\",\"@id\":\"https:\\\/\\\/interreg-sudoe.eu\\\/pt-pt\\\/noticia-proyecto\\\/repo-sudoe-acerca-a-los-jovenes-a-la-ciencia-con-experiencias-inmersivas\\\/\",\"url\":\"https:\\\/\\\/interreg-sudoe.eu\\\/pt-pt\\\/noticia-proyecto\\\/repo-sudoe-acerca-a-los-jovenes-a-la-ciencia-con-experiencias-inmersivas\\\/\",\"name\":\"RePo-SUDOE aproxima jovens da ci\u00eancia com experi\u00eancias imersivas - Interreg Sudoe\",\"isPartOf\":{\"@id\":\"https:\\\/\\\/interreg-sudoe.eu\\\/pt-pt\\\/#website\"},\"primaryImageOfPage\":{\"@id\":\"https:\\\/\\\/interreg-sudoe.eu\\\/pt-pt\\\/noticia-proyecto\\\/repo-sudoe-acerca-a-los-jovenes-a-la-ciencia-con-experiencias-inmersivas\\\/#primaryimage\"},\"image\":{\"@id\":\"https:\\\/\\\/interreg-sudoe.eu\\\/pt-pt\\\/noticia-proyecto\\\/repo-sudoe-acerca-a-los-jovenes-a-la-ciencia-con-experiencias-inmersivas\\\/#primaryimage\"},\"thumbnailUrl\":\"https:\\\/\\\/interreg-sudoe.eu\\\/wp-content\\\/uploads\\\/2026\\\/04\\\/Phot0_05.jpg\",\"datePublished\":\"2026-04-30T08:31:24+00:00\",\"dateModified\":\"2026-04-30T08:32:43+00:00\",\"breadcrumb\":{\"@id\":\"https:\\\/\\\/interreg-sudoe.eu\\\/pt-pt\\\/noticia-proyecto\\\/repo-sudoe-acerca-a-los-jovenes-a-la-ciencia-con-experiencias-inmersivas\\\/#breadcrumb\"},\"inLanguage\":\"pt-PT\",\"potentialAction\":[{\"@type\":\"ReadAction\",\"target\":[\"https:\\\/\\\/interreg-sudoe.eu\\\/pt-pt\\\/noticia-proyecto\\\/repo-sudoe-acerca-a-los-jovenes-a-la-ciencia-con-experiencias-inmersivas\\\/\"]}]},{\"@type\":\"ImageObject\",\"inLanguage\":\"pt-PT\",\"@id\":\"https:\\\/\\\/interreg-sudoe.eu\\\/pt-pt\\\/noticia-proyecto\\\/repo-sudoe-acerca-a-los-jovenes-a-la-ciencia-con-experiencias-inmersivas\\\/#primaryimage\",\"url\":\"https:\\\/\\\/interreg-sudoe.eu\\\/wp-content\\\/uploads\\\/2026\\\/04\\\/Phot0_05.jpg\",\"contentUrl\":\"https:\\\/\\\/interreg-sudoe.eu\\\/wp-content\\\/uploads\\\/2026\\\/04\\\/Phot0_05.jpg\",\"width\":1980,\"height\":1324},{\"@type\":\"BreadcrumbList\",\"@id\":\"https:\\\/\\\/interreg-sudoe.eu\\\/pt-pt\\\/noticia-proyecto\\\/repo-sudoe-acerca-a-los-jovenes-a-la-ciencia-con-experiencias-inmersivas\\\/#breadcrumb\",\"itemListElement\":[{\"@type\":\"ListItem\",\"position\":1,\"name\":\"Home\",\"item\":\"https:\\\/\\\/interreg-sudoe.eu\\\/pt-pt\\\/\"},{\"@type\":\"ListItem\",\"position\":2,\"name\":\"RePo-SUDOE aproxima jovens da ci\u00eancia com experi\u00eancias imersivas\"}]},{\"@type\":\"WebSite\",\"@id\":\"https:\\\/\\\/interreg-sudoe.eu\\\/pt-pt\\\/#website\",\"url\":\"https:\\\/\\\/interreg-sudoe.eu\\\/pt-pt\\\/\",\"name\":\"Interreg Sudoe\",\"description\":\"Interreg Sudoe\",\"publisher\":{\"@id\":\"https:\\\/\\\/interreg-sudoe.eu\\\/pt-pt\\\/#organization\"},\"alternateName\":\"Interreg Sudoe\",\"potentialAction\":[{\"@type\":\"SearchAction\",\"target\":{\"@type\":\"EntryPoint\",\"urlTemplate\":\"https:\\\/\\\/interreg-sudoe.eu\\\/pt-pt\\\/?s={search_term_string}\"},\"query-input\":{\"@type\":\"PropertyValueSpecification\",\"valueRequired\":true,\"valueName\":\"search_term_string\"}}],\"inLanguage\":\"pt-PT\"},{\"@type\":\"Organization\",\"@id\":\"https:\\\/\\\/interreg-sudoe.eu\\\/pt-pt\\\/#organization\",\"name\":\"Interreg Sudoe\",\"alternateName\":\"Interreg Sudoe\",\"url\":\"https:\\\/\\\/interreg-sudoe.eu\\\/pt-pt\\\/\",\"logo\":{\"@type\":\"ImageObject\",\"inLanguage\":\"pt-PT\",\"@id\":\"https:\\\/\\\/interreg-sudoe.eu\\\/pt-pt\\\/#\\\/schema\\\/logo\\\/image\\\/\",\"url\":\"https:\\\/\\\/interreg-sudoe.eu\\\/wp-content\\\/uploads\\\/2024\\\/03\\\/logo-interreg.png\",\"contentUrl\":\"https:\\\/\\\/interreg-sudoe.eu\\\/wp-content\\\/uploads\\\/2024\\\/03\\\/logo-interreg.png\",\"width\":1200,\"height\":675,\"caption\":\"Interreg Sudoe\"},\"image\":{\"@id\":\"https:\\\/\\\/interreg-sudoe.eu\\\/pt-pt\\\/#\\\/schema\\\/logo\\\/image\\\/\"},\"sameAs\":[\"https:\\\/\\\/www.facebook.com\\\/interregsudoe\",\"https:\\\/\\\/x.com\\\/Sudoe5\",\"https:\\\/\\\/www.youtube.com\\\/channel\\\/UCeGx2edoB32beRc9dbKA2vw\",\"https:\\\/\\\/www.linkedin.com\\\/company\\\/interreg-sudoe-programme\\\/\",\"https:\\\/\\\/www.flickr.com\\\/photos\\\/148704685@N06\\\/\"]}]}<\/script>\n<!-- \/ Yoast SEO plugin. -->","yoast_head_json":{"title":"RePo-SUDOE aproxima jovens da ci\u00eancia com experi\u00eancias imersivas - Interreg Sudoe","robots":{"index":"index","follow":"follow","max-snippet":"max-snippet:-1","max-image-preview":"max-image-preview:large","max-video-preview":"max-video-preview:-1"},"canonical":"https:\/\/interreg-sudoe.eu\/pt-pt\/noticia-proyecto\/repo-sudoe-acerca-a-los-jovenes-a-la-ciencia-con-experiencias-inmersivas\/","og_locale":"pt_PT","og_type":"article","og_title":"RePo-SUDOE aproxima jovens da ci\u00eancia com experi\u00eancias imersivas - Interreg Sudoe","og_description":"O projeto RePo-SUDOE marcou presen\u00e7a no Dia Aberto das Profiss\u00f5es, realizado a 24 de abril e organizado pelo Agrupamento de Escolas de Figueira de Castelo Rodrigo, em Portugal. Durante o evento, o cons\u00f3rcio apresentou o seu trabalho na \u00e1rea do reposicionamento de f\u00e1rmacos atrav\u00e9s de demonstra\u00e7\u00f5es de visualiza\u00e7\u00e3o cient\u00edfica com recurso a tecnologias de realidade [&hellip;]","og_url":"https:\/\/interreg-sudoe.eu\/pt-pt\/noticia-proyecto\/repo-sudoe-acerca-a-los-jovenes-a-la-ciencia-con-experiencias-inmersivas\/","og_site_name":"Interreg Sudoe","article_publisher":"https:\/\/www.facebook.com\/interregsudoe","article_modified_time":"2026-04-30T08:32:43+00:00","og_image":[{"width":1980,"height":1324,"url":"https:\/\/interreg-sudoe.eu\/wp-content\/uploads\/2026\/04\/Phot0_05.jpg","type":"image\/jpeg"}],"twitter_card":"summary_large_image","twitter_site":"@Sudoe5","twitter_misc":{"Tempo estimado de leitura":"1 minuto"},"schema":{"@context":"https:\/\/schema.org","@graph":[{"@type":"WebPage","@id":"https:\/\/interreg-sudoe.eu\/pt-pt\/noticia-proyecto\/repo-sudoe-acerca-a-los-jovenes-a-la-ciencia-con-experiencias-inmersivas\/","url":"https:\/\/interreg-sudoe.eu\/pt-pt\/noticia-proyecto\/repo-sudoe-acerca-a-los-jovenes-a-la-ciencia-con-experiencias-inmersivas\/","name":"RePo-SUDOE aproxima jovens da ci\u00eancia com experi\u00eancias imersivas - Interreg Sudoe","isPartOf":{"@id":"https:\/\/interreg-sudoe.eu\/pt-pt\/#website"},"primaryImageOfPage":{"@id":"https:\/\/interreg-sudoe.eu\/pt-pt\/noticia-proyecto\/repo-sudoe-acerca-a-los-jovenes-a-la-ciencia-con-experiencias-inmersivas\/#primaryimage"},"image":{"@id":"https:\/\/interreg-sudoe.eu\/pt-pt\/noticia-proyecto\/repo-sudoe-acerca-a-los-jovenes-a-la-ciencia-con-experiencias-inmersivas\/#primaryimage"},"thumbnailUrl":"https:\/\/interreg-sudoe.eu\/wp-content\/uploads\/2026\/04\/Phot0_05.jpg","datePublished":"2026-04-30T08:31:24+00:00","dateModified":"2026-04-30T08:32:43+00:00","breadcrumb":{"@id":"https:\/\/interreg-sudoe.eu\/pt-pt\/noticia-proyecto\/repo-sudoe-acerca-a-los-jovenes-a-la-ciencia-con-experiencias-inmersivas\/#breadcrumb"},"inLanguage":"pt-PT","potentialAction":[{"@type":"ReadAction","target":["https:\/\/interreg-sudoe.eu\/pt-pt\/noticia-proyecto\/repo-sudoe-acerca-a-los-jovenes-a-la-ciencia-con-experiencias-inmersivas\/"]}]},{"@type":"ImageObject","inLanguage":"pt-PT","@id":"https:\/\/interreg-sudoe.eu\/pt-pt\/noticia-proyecto\/repo-sudoe-acerca-a-los-jovenes-a-la-ciencia-con-experiencias-inmersivas\/#primaryimage","url":"https:\/\/interreg-sudoe.eu\/wp-content\/uploads\/2026\/04\/Phot0_05.jpg","contentUrl":"https:\/\/interreg-sudoe.eu\/wp-content\/uploads\/2026\/04\/Phot0_05.jpg","width":1980,"height":1324},{"@type":"BreadcrumbList","@id":"https:\/\/interreg-sudoe.eu\/pt-pt\/noticia-proyecto\/repo-sudoe-acerca-a-los-jovenes-a-la-ciencia-con-experiencias-inmersivas\/#breadcrumb","itemListElement":[{"@type":"ListItem","position":1,"name":"Home","item":"https:\/\/interreg-sudoe.eu\/pt-pt\/"},{"@type":"ListItem","position":2,"name":"RePo-SUDOE aproxima jovens da ci\u00eancia com experi\u00eancias imersivas"}]},{"@type":"WebSite","@id":"https:\/\/interreg-sudoe.eu\/pt-pt\/#website","url":"https:\/\/interreg-sudoe.eu\/pt-pt\/","name":"Interreg Sudoe","description":"Interreg Sudoe","publisher":{"@id":"https:\/\/interreg-sudoe.eu\/pt-pt\/#organization"},"alternateName":"Interreg Sudoe","potentialAction":[{"@type":"SearchAction","target":{"@type":"EntryPoint","urlTemplate":"https:\/\/interreg-sudoe.eu\/pt-pt\/?s={search_term_string}"},"query-input":{"@type":"PropertyValueSpecification","valueRequired":true,"valueName":"search_term_string"}}],"inLanguage":"pt-PT"},{"@type":"Organization","@id":"https:\/\/interreg-sudoe.eu\/pt-pt\/#organization","name":"Interreg Sudoe","alternateName":"Interreg Sudoe","url":"https:\/\/interreg-sudoe.eu\/pt-pt\/","logo":{"@type":"ImageObject","inLanguage":"pt-PT","@id":"https:\/\/interreg-sudoe.eu\/pt-pt\/#\/schema\/logo\/image\/","url":"https:\/\/interreg-sudoe.eu\/wp-content\/uploads\/2024\/03\/logo-interreg.png","contentUrl":"https:\/\/interreg-sudoe.eu\/wp-content\/uploads\/2024\/03\/logo-interreg.png","width":1200,"height":675,"caption":"Interreg Sudoe"},"image":{"@id":"https:\/\/interreg-sudoe.eu\/pt-pt\/#\/schema\/logo\/image\/"},"sameAs":["https:\/\/www.facebook.com\/interregsudoe","https:\/\/x.com\/Sudoe5","https:\/\/www.youtube.com\/channel\/UCeGx2edoB32beRc9dbKA2vw","https:\/\/www.linkedin.com\/company\/interreg-sudoe-programme\/","https:\/\/www.flickr.com\/photos\/148704685@N06\/"]}]}},"_links":{"self":[{"href":"https:\/\/interreg-sudoe.eu\/pt-pt\/wp-json\/wp\/v2\/noticia-proyecto\/65082","targetHints":{"allow":["GET"]}}],"collection":[{"href":"https:\/\/interreg-sudoe.eu\/pt-pt\/wp-json\/wp\/v2\/noticia-proyecto"}],"about":[{"href":"https:\/\/interreg-sudoe.eu\/pt-pt\/wp-json\/wp\/v2\/types\/noticia-proyecto"}],"author":[{"embeddable":true,"href":"https:\/\/interreg-sudoe.eu\/pt-pt\/wp-json\/wp\/v2\/users\/4919"}],"wp:featuredmedia":[{"embeddable":true,"href":"https:\/\/interreg-sudoe.eu\/pt-pt\/wp-json\/wp\/v2\/media\/65078"}],"wp:attachment":[{"href":"https:\/\/interreg-sudoe.eu\/pt-pt\/wp-json\/wp\/v2\/media?parent=65082"}],"curies":[{"name":"wp","href":"https:\/\/api.w.org\/{rel}","templated":true}]}}