{"id":65139,"date":"2026-04-30T10:57:25","date_gmt":"2026-04-30T08:57:25","guid":{"rendered":"https:\/\/interreg-sudoe.eu\/noticia-proyecto\/repo-sudoe-participa-en-una-iniciativa-de-innovacion-en-la-region-centro-de-portugal\/"},"modified":"2026-04-30T11:05:45","modified_gmt":"2026-04-30T09:05:45","slug":"repo-sudoe-participa-en-una-iniciativa-de-innovacion-en-la-region-centro-de-portugal","status":"publish","type":"noticia-proyecto","link":"https:\/\/interreg-sudoe.eu\/pt-pt\/noticia-proyecto\/repo-sudoe-participa-en-una-iniciativa-de-innovacion-en-la-region-centro-de-portugal\/","title":{"rendered":"RePo-SUDOE marca presen\u00e7a em iniciativa de inova\u00e7\u00e3o na Regi\u00e3o Centro de Portugal"},"content":{"rendered":"<p data-start=\"1609\" data-end=\"1967\">O projeto <span class=\"hover:entity-accent entity-underline inline cursor-pointer align-baseline\"><span class=\"whitespace-normal\">RePo-SUDOE<\/span><\/span> esteve presente na <strong>sess\u00e3o de capacita\u00e7\u00e3o e demonstra\u00e7\u00e3o de tecnologias do projeto <span class=\"hover:entity-accent entity-underline inline cursor-pointer align-baseline\"><span class=\"whitespace-normal\">PTCentroDiH<\/span><\/span><\/strong>, realizada no dia 8 de abril no <span class=\"hover:entity-accent entity-underline inline cursor-pointer align-baseline\"><span class=\"whitespace-normal\">Instituto Polit\u00e9cnico da Guarda<\/span><\/span>. A iniciativa reuniu projetos ligados \u00e0 inova\u00e7\u00e3o digital e \u00e0 transfer\u00eancia de conhecimento na Regi\u00e3o Centro de Portugal.<\/p>\n<p data-start=\"1969\" data-end=\"2302\">Durante a sess\u00e3o, o RePo-SUDOE apresentou o seu piloto \u201c<em>Sala de Visualiza\u00e7\u00e3o 3D de Sistemas Biol\u00f3gicos<\/em>\u201d, desenvolvido para apoiar a educa\u00e7\u00e3o, a investiga\u00e7\u00e3o e a inova\u00e7\u00e3o na \u00e1rea da sa\u00fade. A demonstra\u00e7\u00e3o evidenciou o potencial das tecnologias de visualiza\u00e7\u00e3o avan\u00e7ada como ferramenta de suporte \u00e0 forma\u00e7\u00e3o e \u00e0 investiga\u00e7\u00e3o cient\u00edfica.<\/p>\n<p data-start=\"2304\" data-end=\"2487\">Com esta participa\u00e7\u00e3o, <strong>o RePo-SUDOE refor\u00e7a a sua integra\u00e7\u00e3o em ecossistemas de inova\u00e7\u00e3o regional e o seu contributo para o desenvolvimento de solu\u00e7\u00f5es tecnol\u00f3gicas aplicadas \u00e0 sa\u00fade<\/strong>.<\/p>\n","protected":false},"excerpt":{"rendered":"<p>O projeto RePo-SUDOE esteve presente na sess\u00e3o de capacita\u00e7\u00e3o e demonstra\u00e7\u00e3o de tecnologias do projeto PTCentroDiH, realizada no dia 8 de abril no Instituto Polit\u00e9cnico da Guarda. A iniciativa reuniu projetos ligados \u00e0 inova\u00e7\u00e3o digital e \u00e0 transfer\u00eancia de conhecimento na Regi\u00e3o Centro de Portugal. Durante a sess\u00e3o, o RePo-SUDOE apresentou o seu piloto \u201cSala [&hellip;]<\/p>\n","protected":false},"author":4919,"featured_media":65127,"parent":0,"template":"","meta":{"_acf_changed":false,"content-type":"","_monsterinsights_skip_tracking":false,"_monsterinsights_sitenote_active":false,"_monsterinsights_sitenote_note":"","_monsterinsights_sitenote_category":0},"class_list":["post-65139","noticia-proyecto","type-noticia-proyecto","status-publish","has-post-thumbnail","hentry"],"acf":[],"yoast_head":"<!-- This site is optimized with the Yoast SEO plugin v27.4 - https:\/\/yoast.com\/product\/yoast-seo-wordpress\/ -->\n<title>RePo-SUDOE marca presen\u00e7a em iniciativa de inova\u00e7\u00e3o na Regi\u00e3o Centro de Portugal - Interreg Sudoe<\/title>\n<meta name=\"robots\" content=\"index, follow, max-snippet:-1, max-image-preview:large, max-video-preview:-1\" \/>\n<link rel=\"canonical\" href=\"https:\/\/interreg-sudoe.eu\/pt-pt\/noticia-proyecto\/repo-sudoe-participa-en-una-iniciativa-de-innovacion-en-la-region-centro-de-portugal\/\" \/>\n<meta property=\"og:locale\" content=\"pt_PT\" \/>\n<meta property=\"og:type\" content=\"article\" \/>\n<meta property=\"og:title\" content=\"RePo-SUDOE marca presen\u00e7a em iniciativa de inova\u00e7\u00e3o na Regi\u00e3o Centro de Portugal - Interreg Sudoe\" \/>\n<meta property=\"og:description\" content=\"O projeto RePo-SUDOE esteve presente na sess\u00e3o de capacita\u00e7\u00e3o e demonstra\u00e7\u00e3o de tecnologias do projeto PTCentroDiH, realizada no dia 8 de abril no Instituto Polit\u00e9cnico da Guarda. A iniciativa reuniu projetos ligados \u00e0 inova\u00e7\u00e3o digital e \u00e0 transfer\u00eancia de conhecimento na Regi\u00e3o Centro de Portugal. Durante a sess\u00e3o, o RePo-SUDOE apresentou o seu piloto \u201cSala [&hellip;]\" \/>\n<meta property=\"og:url\" content=\"https:\/\/interreg-sudoe.eu\/pt-pt\/noticia-proyecto\/repo-sudoe-participa-en-una-iniciativa-de-innovacion-en-la-region-centro-de-portugal\/\" \/>\n<meta property=\"og:site_name\" content=\"Interreg Sudoe\" \/>\n<meta property=\"article:publisher\" content=\"https:\/\/www.facebook.com\/interregsudoe\" \/>\n<meta property=\"article:modified_time\" content=\"2026-04-30T09:05:45+00:00\" \/>\n<meta property=\"og:image\" content=\"https:\/\/interreg-sudoe.eu\/wp-content\/uploads\/2026\/04\/7L9A0301.jpg\" \/>\n\t<meta property=\"og:image:width\" content=\"1980\" \/>\n\t<meta property=\"og:image:height\" content=\"1321\" \/>\n\t<meta property=\"og:image:type\" content=\"image\/jpeg\" \/>\n<meta name=\"twitter:card\" content=\"summary_large_image\" \/>\n<meta name=\"twitter:site\" content=\"@Sudoe5\" \/>\n<meta name=\"twitter:label1\" content=\"Tempo estimado de leitura\" \/>\n\t<meta name=\"twitter:data1\" content=\"1 minuto\" \/>\n<script type=\"application\/ld+json\" class=\"yoast-schema-graph\">{\"@context\":\"https:\\\/\\\/schema.org\",\"@graph\":[{\"@type\":\"WebPage\",\"@id\":\"https:\\\/\\\/interreg-sudoe.eu\\\/pt-pt\\\/noticia-proyecto\\\/repo-sudoe-participa-en-una-iniciativa-de-innovacion-en-la-region-centro-de-portugal\\\/\",\"url\":\"https:\\\/\\\/interreg-sudoe.eu\\\/pt-pt\\\/noticia-proyecto\\\/repo-sudoe-participa-en-una-iniciativa-de-innovacion-en-la-region-centro-de-portugal\\\/\",\"name\":\"RePo-SUDOE marca presen\u00e7a em iniciativa de inova\u00e7\u00e3o na Regi\u00e3o Centro de Portugal - Interreg Sudoe\",\"isPartOf\":{\"@id\":\"https:\\\/\\\/interreg-sudoe.eu\\\/pt-pt\\\/#website\"},\"primaryImageOfPage\":{\"@id\":\"https:\\\/\\\/interreg-sudoe.eu\\\/pt-pt\\\/noticia-proyecto\\\/repo-sudoe-participa-en-una-iniciativa-de-innovacion-en-la-region-centro-de-portugal\\\/#primaryimage\"},\"image\":{\"@id\":\"https:\\\/\\\/interreg-sudoe.eu\\\/pt-pt\\\/noticia-proyecto\\\/repo-sudoe-participa-en-una-iniciativa-de-innovacion-en-la-region-centro-de-portugal\\\/#primaryimage\"},\"thumbnailUrl\":\"https:\\\/\\\/interreg-sudoe.eu\\\/wp-content\\\/uploads\\\/2026\\\/04\\\/7L9A0301.jpg\",\"datePublished\":\"2026-04-30T08:57:25+00:00\",\"dateModified\":\"2026-04-30T09:05:45+00:00\",\"breadcrumb\":{\"@id\":\"https:\\\/\\\/interreg-sudoe.eu\\\/pt-pt\\\/noticia-proyecto\\\/repo-sudoe-participa-en-una-iniciativa-de-innovacion-en-la-region-centro-de-portugal\\\/#breadcrumb\"},\"inLanguage\":\"pt-PT\",\"potentialAction\":[{\"@type\":\"ReadAction\",\"target\":[\"https:\\\/\\\/interreg-sudoe.eu\\\/pt-pt\\\/noticia-proyecto\\\/repo-sudoe-participa-en-una-iniciativa-de-innovacion-en-la-region-centro-de-portugal\\\/\"]}]},{\"@type\":\"ImageObject\",\"inLanguage\":\"pt-PT\",\"@id\":\"https:\\\/\\\/interreg-sudoe.eu\\\/pt-pt\\\/noticia-proyecto\\\/repo-sudoe-participa-en-una-iniciativa-de-innovacion-en-la-region-centro-de-portugal\\\/#primaryimage\",\"url\":\"https:\\\/\\\/interreg-sudoe.eu\\\/wp-content\\\/uploads\\\/2026\\\/04\\\/7L9A0301.jpg\",\"contentUrl\":\"https:\\\/\\\/interreg-sudoe.eu\\\/wp-content\\\/uploads\\\/2026\\\/04\\\/7L9A0301.jpg\",\"width\":1980,\"height\":1321},{\"@type\":\"BreadcrumbList\",\"@id\":\"https:\\\/\\\/interreg-sudoe.eu\\\/pt-pt\\\/noticia-proyecto\\\/repo-sudoe-participa-en-una-iniciativa-de-innovacion-en-la-region-centro-de-portugal\\\/#breadcrumb\",\"itemListElement\":[{\"@type\":\"ListItem\",\"position\":1,\"name\":\"Home\",\"item\":\"https:\\\/\\\/interreg-sudoe.eu\\\/pt-pt\\\/\"},{\"@type\":\"ListItem\",\"position\":2,\"name\":\"RePo-SUDOE marca presen\u00e7a em iniciativa de inova\u00e7\u00e3o na Regi\u00e3o Centro de Portugal\"}]},{\"@type\":\"WebSite\",\"@id\":\"https:\\\/\\\/interreg-sudoe.eu\\\/pt-pt\\\/#website\",\"url\":\"https:\\\/\\\/interreg-sudoe.eu\\\/pt-pt\\\/\",\"name\":\"Interreg Sudoe\",\"description\":\"Interreg Sudoe\",\"publisher\":{\"@id\":\"https:\\\/\\\/interreg-sudoe.eu\\\/pt-pt\\\/#organization\"},\"alternateName\":\"Interreg Sudoe\",\"potentialAction\":[{\"@type\":\"SearchAction\",\"target\":{\"@type\":\"EntryPoint\",\"urlTemplate\":\"https:\\\/\\\/interreg-sudoe.eu\\\/pt-pt\\\/?s={search_term_string}\"},\"query-input\":{\"@type\":\"PropertyValueSpecification\",\"valueRequired\":true,\"valueName\":\"search_term_string\"}}],\"inLanguage\":\"pt-PT\"},{\"@type\":\"Organization\",\"@id\":\"https:\\\/\\\/interreg-sudoe.eu\\\/pt-pt\\\/#organization\",\"name\":\"Interreg Sudoe\",\"alternateName\":\"Interreg Sudoe\",\"url\":\"https:\\\/\\\/interreg-sudoe.eu\\\/pt-pt\\\/\",\"logo\":{\"@type\":\"ImageObject\",\"inLanguage\":\"pt-PT\",\"@id\":\"https:\\\/\\\/interreg-sudoe.eu\\\/pt-pt\\\/#\\\/schema\\\/logo\\\/image\\\/\",\"url\":\"https:\\\/\\\/interreg-sudoe.eu\\\/wp-content\\\/uploads\\\/2024\\\/03\\\/logo-interreg.png\",\"contentUrl\":\"https:\\\/\\\/interreg-sudoe.eu\\\/wp-content\\\/uploads\\\/2024\\\/03\\\/logo-interreg.png\",\"width\":1200,\"height\":675,\"caption\":\"Interreg Sudoe\"},\"image\":{\"@id\":\"https:\\\/\\\/interreg-sudoe.eu\\\/pt-pt\\\/#\\\/schema\\\/logo\\\/image\\\/\"},\"sameAs\":[\"https:\\\/\\\/www.facebook.com\\\/interregsudoe\",\"https:\\\/\\\/x.com\\\/Sudoe5\",\"https:\\\/\\\/www.youtube.com\\\/channel\\\/UCeGx2edoB32beRc9dbKA2vw\",\"https:\\\/\\\/www.linkedin.com\\\/company\\\/interreg-sudoe-programme\\\/\",\"https:\\\/\\\/www.flickr.com\\\/photos\\\/148704685@N06\\\/\"]}]}<\/script>\n<!-- \/ Yoast SEO plugin. -->","yoast_head_json":{"title":"RePo-SUDOE marca presen\u00e7a em iniciativa de inova\u00e7\u00e3o na Regi\u00e3o Centro de Portugal - Interreg Sudoe","robots":{"index":"index","follow":"follow","max-snippet":"max-snippet:-1","max-image-preview":"max-image-preview:large","max-video-preview":"max-video-preview:-1"},"canonical":"https:\/\/interreg-sudoe.eu\/pt-pt\/noticia-proyecto\/repo-sudoe-participa-en-una-iniciativa-de-innovacion-en-la-region-centro-de-portugal\/","og_locale":"pt_PT","og_type":"article","og_title":"RePo-SUDOE marca presen\u00e7a em iniciativa de inova\u00e7\u00e3o na Regi\u00e3o Centro de Portugal - Interreg Sudoe","og_description":"O projeto RePo-SUDOE esteve presente na sess\u00e3o de capacita\u00e7\u00e3o e demonstra\u00e7\u00e3o de tecnologias do projeto PTCentroDiH, realizada no dia 8 de abril no Instituto Polit\u00e9cnico da Guarda. A iniciativa reuniu projetos ligados \u00e0 inova\u00e7\u00e3o digital e \u00e0 transfer\u00eancia de conhecimento na Regi\u00e3o Centro de Portugal. Durante a sess\u00e3o, o RePo-SUDOE apresentou o seu piloto \u201cSala [&hellip;]","og_url":"https:\/\/interreg-sudoe.eu\/pt-pt\/noticia-proyecto\/repo-sudoe-participa-en-una-iniciativa-de-innovacion-en-la-region-centro-de-portugal\/","og_site_name":"Interreg Sudoe","article_publisher":"https:\/\/www.facebook.com\/interregsudoe","article_modified_time":"2026-04-30T09:05:45+00:00","og_image":[{"width":1980,"height":1321,"url":"https:\/\/interreg-sudoe.eu\/wp-content\/uploads\/2026\/04\/7L9A0301.jpg","type":"image\/jpeg"}],"twitter_card":"summary_large_image","twitter_site":"@Sudoe5","twitter_misc":{"Tempo estimado de leitura":"1 minuto"},"schema":{"@context":"https:\/\/schema.org","@graph":[{"@type":"WebPage","@id":"https:\/\/interreg-sudoe.eu\/pt-pt\/noticia-proyecto\/repo-sudoe-participa-en-una-iniciativa-de-innovacion-en-la-region-centro-de-portugal\/","url":"https:\/\/interreg-sudoe.eu\/pt-pt\/noticia-proyecto\/repo-sudoe-participa-en-una-iniciativa-de-innovacion-en-la-region-centro-de-portugal\/","name":"RePo-SUDOE marca presen\u00e7a em iniciativa de inova\u00e7\u00e3o na Regi\u00e3o Centro de Portugal - Interreg Sudoe","isPartOf":{"@id":"https:\/\/interreg-sudoe.eu\/pt-pt\/#website"},"primaryImageOfPage":{"@id":"https:\/\/interreg-sudoe.eu\/pt-pt\/noticia-proyecto\/repo-sudoe-participa-en-una-iniciativa-de-innovacion-en-la-region-centro-de-portugal\/#primaryimage"},"image":{"@id":"https:\/\/interreg-sudoe.eu\/pt-pt\/noticia-proyecto\/repo-sudoe-participa-en-una-iniciativa-de-innovacion-en-la-region-centro-de-portugal\/#primaryimage"},"thumbnailUrl":"https:\/\/interreg-sudoe.eu\/wp-content\/uploads\/2026\/04\/7L9A0301.jpg","datePublished":"2026-04-30T08:57:25+00:00","dateModified":"2026-04-30T09:05:45+00:00","breadcrumb":{"@id":"https:\/\/interreg-sudoe.eu\/pt-pt\/noticia-proyecto\/repo-sudoe-participa-en-una-iniciativa-de-innovacion-en-la-region-centro-de-portugal\/#breadcrumb"},"inLanguage":"pt-PT","potentialAction":[{"@type":"ReadAction","target":["https:\/\/interreg-sudoe.eu\/pt-pt\/noticia-proyecto\/repo-sudoe-participa-en-una-iniciativa-de-innovacion-en-la-region-centro-de-portugal\/"]}]},{"@type":"ImageObject","inLanguage":"pt-PT","@id":"https:\/\/interreg-sudoe.eu\/pt-pt\/noticia-proyecto\/repo-sudoe-participa-en-una-iniciativa-de-innovacion-en-la-region-centro-de-portugal\/#primaryimage","url":"https:\/\/interreg-sudoe.eu\/wp-content\/uploads\/2026\/04\/7L9A0301.jpg","contentUrl":"https:\/\/interreg-sudoe.eu\/wp-content\/uploads\/2026\/04\/7L9A0301.jpg","width":1980,"height":1321},{"@type":"BreadcrumbList","@id":"https:\/\/interreg-sudoe.eu\/pt-pt\/noticia-proyecto\/repo-sudoe-participa-en-una-iniciativa-de-innovacion-en-la-region-centro-de-portugal\/#breadcrumb","itemListElement":[{"@type":"ListItem","position":1,"name":"Home","item":"https:\/\/interreg-sudoe.eu\/pt-pt\/"},{"@type":"ListItem","position":2,"name":"RePo-SUDOE marca presen\u00e7a em iniciativa de inova\u00e7\u00e3o na Regi\u00e3o Centro de Portugal"}]},{"@type":"WebSite","@id":"https:\/\/interreg-sudoe.eu\/pt-pt\/#website","url":"https:\/\/interreg-sudoe.eu\/pt-pt\/","name":"Interreg Sudoe","description":"Interreg Sudoe","publisher":{"@id":"https:\/\/interreg-sudoe.eu\/pt-pt\/#organization"},"alternateName":"Interreg Sudoe","potentialAction":[{"@type":"SearchAction","target":{"@type":"EntryPoint","urlTemplate":"https:\/\/interreg-sudoe.eu\/pt-pt\/?s={search_term_string}"},"query-input":{"@type":"PropertyValueSpecification","valueRequired":true,"valueName":"search_term_string"}}],"inLanguage":"pt-PT"},{"@type":"Organization","@id":"https:\/\/interreg-sudoe.eu\/pt-pt\/#organization","name":"Interreg Sudoe","alternateName":"Interreg Sudoe","url":"https:\/\/interreg-sudoe.eu\/pt-pt\/","logo":{"@type":"ImageObject","inLanguage":"pt-PT","@id":"https:\/\/interreg-sudoe.eu\/pt-pt\/#\/schema\/logo\/image\/","url":"https:\/\/interreg-sudoe.eu\/wp-content\/uploads\/2024\/03\/logo-interreg.png","contentUrl":"https:\/\/interreg-sudoe.eu\/wp-content\/uploads\/2024\/03\/logo-interreg.png","width":1200,"height":675,"caption":"Interreg Sudoe"},"image":{"@id":"https:\/\/interreg-sudoe.eu\/pt-pt\/#\/schema\/logo\/image\/"},"sameAs":["https:\/\/www.facebook.com\/interregsudoe","https:\/\/x.com\/Sudoe5","https:\/\/www.youtube.com\/channel\/UCeGx2edoB32beRc9dbKA2vw","https:\/\/www.linkedin.com\/company\/interreg-sudoe-programme\/","https:\/\/www.flickr.com\/photos\/148704685@N06\/"]}]}},"_links":{"self":[{"href":"https:\/\/interreg-sudoe.eu\/pt-pt\/wp-json\/wp\/v2\/noticia-proyecto\/65139","targetHints":{"allow":["GET"]}}],"collection":[{"href":"https:\/\/interreg-sudoe.eu\/pt-pt\/wp-json\/wp\/v2\/noticia-proyecto"}],"about":[{"href":"https:\/\/interreg-sudoe.eu\/pt-pt\/wp-json\/wp\/v2\/types\/noticia-proyecto"}],"author":[{"embeddable":true,"href":"https:\/\/interreg-sudoe.eu\/pt-pt\/wp-json\/wp\/v2\/users\/4919"}],"wp:featuredmedia":[{"embeddable":true,"href":"https:\/\/interreg-sudoe.eu\/pt-pt\/wp-json\/wp\/v2\/media\/65127"}],"wp:attachment":[{"href":"https:\/\/interreg-sudoe.eu\/pt-pt\/wp-json\/wp\/v2\/media?parent=65139"}],"curies":[{"name":"wp","href":"https:\/\/api.w.org\/{rel}","templated":true}]}}