{"id":65190,"date":"2026-04-30T11:57:32","date_gmt":"2026-04-30T09:57:32","guid":{"rendered":"https:\/\/interreg-sudoe.eu\/noticia-proyecto\/repo-sudoe-dinamiza-la-semana-de-la-biofisica-2026-en-el-politecnico-da-guarda\/"},"modified":"2026-04-30T11:59:56","modified_gmt":"2026-04-30T09:59:56","slug":"repo-sudoe-dinamiza-la-semana-de-la-biofisica-2026-en-el-politecnico-da-guarda","status":"publish","type":"noticia-proyecto","link":"https:\/\/interreg-sudoe.eu\/pt-pt\/noticia-proyecto\/repo-sudoe-dinamiza-la-semana-de-la-biofisica-2026-en-el-politecnico-da-guarda\/","title":{"rendered":"RePo-SUDOE dinamiza Semana da Biof\u00edsica 2026 no Polit\u00e9cnico da Guarda"},"content":{"rendered":"<p data-start=\"1921\" data-end=\"2293\">O projeto <span class=\"hover:entity-accent entity-underline inline cursor-pointer align-baseline\"><span class=\"whitespace-normal\">RePo-SUDOE<\/span><\/span> assumiu um papel central na dinamiza\u00e7\u00e3o das iniciativas da <strong>Semana da Biof\u00edsica 2026<\/strong>, realizada no <span class=\"hover:entity-accent entity-underline inline cursor-pointer align-baseline\"><span class=\"whitespace-normal\">Instituto Polit\u00e9cnico da Guarda<\/span><\/span>, em colabora\u00e7\u00e3o com a <span class=\"hover:entity-accent entity-underline inline cursor-pointer align-baseline\"><span class=\"whitespace-normal\">Sociedade Portuguesa de Biof\u00edsica<\/span><\/span>. <strong>A iniciativa integrou o programa de divulga\u00e7\u00e3o cient\u00edfica e encontro acad\u00e9mico na \u00e1rea da biof\u00edsica e da investiga\u00e7\u00e3o em sa\u00fade<\/strong>.<\/p>\n<p data-start=\"2295\" data-end=\"2588\">A equipa do projeto organizou um semin\u00e1rio e uma mesa-redonda online que reuniram especialistas para debater oportunidades, desafios e perspetivas futuras na biof\u00edsica e na investiga\u00e7\u00e3o biom\u00e9dica. Estas sess\u00f5es funcionaram como espa\u00e7o de partilha de conhecimento entre a comunidade cient\u00edfica.<\/p>\n<p data-start=\"2590\" data-end=\"3030\">O programa integrou ainda a exposi\u00e7\u00e3o \u201c<em>Um Olhar Raro<\/em>\u201d, desenvolvida em colabora\u00e7\u00e3o com o projeto <span class=\"hover:entity-accent entity-underline inline cursor-pointer align-baseline\"><span class=\"whitespace-normal\">PhasAGE<\/span><\/span>, o Centro de Gen\u00e9tica Preditiva e Preventiva do <span class=\"hover:entity-accent entity-underline inline cursor-pointer align-baseline\"><span class=\"whitespace-normal\">Instituto de Biologia Molecular e Celular<\/span><\/span> e o <span class=\"hover:entity-accent entity-underline inline cursor-pointer align-baseline\"><span class=\"whitespace-normal\">Instituto de Investiga\u00e7\u00e3o e Inova\u00e7\u00e3o em Sa\u00fade<\/span><\/span>. A exposi\u00e7\u00e3o incluiu uma <strong>experi\u00eancia de realidade virtual desenvolvida no \u00e2mbito do RePo-SUDOE<\/strong>, permitindo explorar a biof\u00edsica de prote\u00ednas de forma interativa e acess\u00edvel.<\/p>\n<p data-start=\"3032\" data-end=\"3164\">Com esta iniciativa, o RePo-SUDOE refor\u00e7a o seu compromisso com a dissemina\u00e7\u00e3o cient\u00edfica e a aproxima\u00e7\u00e3o entre ci\u00eancia e sociedade.<\/p>\n","protected":false},"excerpt":{"rendered":"<p>O projeto RePo-SUDOE assumiu um papel central na dinamiza\u00e7\u00e3o das iniciativas da Semana da Biof\u00edsica 2026, realizada no Instituto Polit\u00e9cnico da Guarda, em colabora\u00e7\u00e3o com a Sociedade Portuguesa de Biof\u00edsica. A iniciativa integrou o programa de divulga\u00e7\u00e3o cient\u00edfica e encontro acad\u00e9mico na \u00e1rea da biof\u00edsica e da investiga\u00e7\u00e3o em sa\u00fade. A equipa do projeto organizou [&hellip;]<\/p>\n","protected":false},"author":4919,"featured_media":65178,"parent":0,"template":"","meta":{"_acf_changed":false,"content-type":"","_monsterinsights_skip_tracking":false,"_monsterinsights_sitenote_active":false,"_monsterinsights_sitenote_note":"","_monsterinsights_sitenote_category":0},"class_list":["post-65190","noticia-proyecto","type-noticia-proyecto","status-publish","has-post-thumbnail","hentry"],"acf":[],"yoast_head":"<!-- This site is optimized with the Yoast SEO plugin v27.4 - https:\/\/yoast.com\/product\/yoast-seo-wordpress\/ -->\n<title>RePo-SUDOE dinamiza Semana da Biof\u00edsica 2026 no Polit\u00e9cnico da Guarda - Interreg Sudoe<\/title>\n<meta name=\"robots\" content=\"index, follow, max-snippet:-1, max-image-preview:large, max-video-preview:-1\" \/>\n<link rel=\"canonical\" href=\"https:\/\/interreg-sudoe.eu\/pt-pt\/noticia-proyecto\/repo-sudoe-dinamiza-la-semana-de-la-biofisica-2026-en-el-politecnico-da-guarda\/\" \/>\n<meta property=\"og:locale\" content=\"pt_PT\" \/>\n<meta property=\"og:type\" content=\"article\" \/>\n<meta property=\"og:title\" content=\"RePo-SUDOE dinamiza Semana da Biof\u00edsica 2026 no Polit\u00e9cnico da Guarda - Interreg Sudoe\" \/>\n<meta property=\"og:description\" content=\"O projeto RePo-SUDOE assumiu um papel central na dinamiza\u00e7\u00e3o das iniciativas da Semana da Biof\u00edsica 2026, realizada no Instituto Polit\u00e9cnico da Guarda, em colabora\u00e7\u00e3o com a Sociedade Portuguesa de Biof\u00edsica. A iniciativa integrou o programa de divulga\u00e7\u00e3o cient\u00edfica e encontro acad\u00e9mico na \u00e1rea da biof\u00edsica e da investiga\u00e7\u00e3o em sa\u00fade. A equipa do projeto organizou [&hellip;]\" \/>\n<meta property=\"og:url\" content=\"https:\/\/interreg-sudoe.eu\/pt-pt\/noticia-proyecto\/repo-sudoe-dinamiza-la-semana-de-la-biofisica-2026-en-el-politecnico-da-guarda\/\" \/>\n<meta property=\"og:site_name\" content=\"Interreg Sudoe\" \/>\n<meta property=\"article:publisher\" content=\"https:\/\/www.facebook.com\/interregsudoe\" \/>\n<meta property=\"article:modified_time\" content=\"2026-04-30T09:59:56+00:00\" \/>\n<meta property=\"og:image\" content=\"https:\/\/interreg-sudoe.eu\/wp-content\/uploads\/2026\/04\/7L9A9989.jpg\" \/>\n\t<meta property=\"og:image:width\" content=\"1980\" \/>\n\t<meta property=\"og:image:height\" content=\"1321\" \/>\n\t<meta property=\"og:image:type\" content=\"image\/jpeg\" \/>\n<meta name=\"twitter:card\" content=\"summary_large_image\" \/>\n<meta name=\"twitter:site\" content=\"@Sudoe5\" \/>\n<meta name=\"twitter:label1\" content=\"Tempo estimado de leitura\" \/>\n\t<meta name=\"twitter:data1\" content=\"1 minuto\" \/>\n<script type=\"application\/ld+json\" class=\"yoast-schema-graph\">{\"@context\":\"https:\\\/\\\/schema.org\",\"@graph\":[{\"@type\":\"WebPage\",\"@id\":\"https:\\\/\\\/interreg-sudoe.eu\\\/pt-pt\\\/noticia-proyecto\\\/repo-sudoe-dinamiza-la-semana-de-la-biofisica-2026-en-el-politecnico-da-guarda\\\/\",\"url\":\"https:\\\/\\\/interreg-sudoe.eu\\\/pt-pt\\\/noticia-proyecto\\\/repo-sudoe-dinamiza-la-semana-de-la-biofisica-2026-en-el-politecnico-da-guarda\\\/\",\"name\":\"RePo-SUDOE dinamiza Semana da Biof\u00edsica 2026 no Polit\u00e9cnico da Guarda - Interreg Sudoe\",\"isPartOf\":{\"@id\":\"https:\\\/\\\/interreg-sudoe.eu\\\/pt-pt\\\/#website\"},\"primaryImageOfPage\":{\"@id\":\"https:\\\/\\\/interreg-sudoe.eu\\\/pt-pt\\\/noticia-proyecto\\\/repo-sudoe-dinamiza-la-semana-de-la-biofisica-2026-en-el-politecnico-da-guarda\\\/#primaryimage\"},\"image\":{\"@id\":\"https:\\\/\\\/interreg-sudoe.eu\\\/pt-pt\\\/noticia-proyecto\\\/repo-sudoe-dinamiza-la-semana-de-la-biofisica-2026-en-el-politecnico-da-guarda\\\/#primaryimage\"},\"thumbnailUrl\":\"https:\\\/\\\/interreg-sudoe.eu\\\/wp-content\\\/uploads\\\/2026\\\/04\\\/7L9A9989.jpg\",\"datePublished\":\"2026-04-30T09:57:32+00:00\",\"dateModified\":\"2026-04-30T09:59:56+00:00\",\"breadcrumb\":{\"@id\":\"https:\\\/\\\/interreg-sudoe.eu\\\/pt-pt\\\/noticia-proyecto\\\/repo-sudoe-dinamiza-la-semana-de-la-biofisica-2026-en-el-politecnico-da-guarda\\\/#breadcrumb\"},\"inLanguage\":\"pt-PT\",\"potentialAction\":[{\"@type\":\"ReadAction\",\"target\":[\"https:\\\/\\\/interreg-sudoe.eu\\\/pt-pt\\\/noticia-proyecto\\\/repo-sudoe-dinamiza-la-semana-de-la-biofisica-2026-en-el-politecnico-da-guarda\\\/\"]}]},{\"@type\":\"ImageObject\",\"inLanguage\":\"pt-PT\",\"@id\":\"https:\\\/\\\/interreg-sudoe.eu\\\/pt-pt\\\/noticia-proyecto\\\/repo-sudoe-dinamiza-la-semana-de-la-biofisica-2026-en-el-politecnico-da-guarda\\\/#primaryimage\",\"url\":\"https:\\\/\\\/interreg-sudoe.eu\\\/wp-content\\\/uploads\\\/2026\\\/04\\\/7L9A9989.jpg\",\"contentUrl\":\"https:\\\/\\\/interreg-sudoe.eu\\\/wp-content\\\/uploads\\\/2026\\\/04\\\/7L9A9989.jpg\",\"width\":1980,\"height\":1321},{\"@type\":\"BreadcrumbList\",\"@id\":\"https:\\\/\\\/interreg-sudoe.eu\\\/pt-pt\\\/noticia-proyecto\\\/repo-sudoe-dinamiza-la-semana-de-la-biofisica-2026-en-el-politecnico-da-guarda\\\/#breadcrumb\",\"itemListElement\":[{\"@type\":\"ListItem\",\"position\":1,\"name\":\"Home\",\"item\":\"https:\\\/\\\/interreg-sudoe.eu\\\/pt-pt\\\/\"},{\"@type\":\"ListItem\",\"position\":2,\"name\":\"RePo-SUDOE dinamiza Semana da Biof\u00edsica 2026 no Polit\u00e9cnico da Guarda\"}]},{\"@type\":\"WebSite\",\"@id\":\"https:\\\/\\\/interreg-sudoe.eu\\\/pt-pt\\\/#website\",\"url\":\"https:\\\/\\\/interreg-sudoe.eu\\\/pt-pt\\\/\",\"name\":\"Interreg Sudoe\",\"description\":\"Interreg Sudoe\",\"publisher\":{\"@id\":\"https:\\\/\\\/interreg-sudoe.eu\\\/pt-pt\\\/#organization\"},\"alternateName\":\"Interreg Sudoe\",\"potentialAction\":[{\"@type\":\"SearchAction\",\"target\":{\"@type\":\"EntryPoint\",\"urlTemplate\":\"https:\\\/\\\/interreg-sudoe.eu\\\/pt-pt\\\/?s={search_term_string}\"},\"query-input\":{\"@type\":\"PropertyValueSpecification\",\"valueRequired\":true,\"valueName\":\"search_term_string\"}}],\"inLanguage\":\"pt-PT\"},{\"@type\":\"Organization\",\"@id\":\"https:\\\/\\\/interreg-sudoe.eu\\\/pt-pt\\\/#organization\",\"name\":\"Interreg Sudoe\",\"alternateName\":\"Interreg Sudoe\",\"url\":\"https:\\\/\\\/interreg-sudoe.eu\\\/pt-pt\\\/\",\"logo\":{\"@type\":\"ImageObject\",\"inLanguage\":\"pt-PT\",\"@id\":\"https:\\\/\\\/interreg-sudoe.eu\\\/pt-pt\\\/#\\\/schema\\\/logo\\\/image\\\/\",\"url\":\"https:\\\/\\\/interreg-sudoe.eu\\\/wp-content\\\/uploads\\\/2024\\\/03\\\/logo-interreg.png\",\"contentUrl\":\"https:\\\/\\\/interreg-sudoe.eu\\\/wp-content\\\/uploads\\\/2024\\\/03\\\/logo-interreg.png\",\"width\":1200,\"height\":675,\"caption\":\"Interreg Sudoe\"},\"image\":{\"@id\":\"https:\\\/\\\/interreg-sudoe.eu\\\/pt-pt\\\/#\\\/schema\\\/logo\\\/image\\\/\"},\"sameAs\":[\"https:\\\/\\\/www.facebook.com\\\/interregsudoe\",\"https:\\\/\\\/x.com\\\/Sudoe5\",\"https:\\\/\\\/www.youtube.com\\\/channel\\\/UCeGx2edoB32beRc9dbKA2vw\",\"https:\\\/\\\/www.linkedin.com\\\/company\\\/interreg-sudoe-programme\\\/\",\"https:\\\/\\\/www.flickr.com\\\/photos\\\/148704685@N06\\\/\"]}]}<\/script>\n<!-- \/ Yoast SEO plugin. -->","yoast_head_json":{"title":"RePo-SUDOE dinamiza Semana da Biof\u00edsica 2026 no Polit\u00e9cnico da Guarda - Interreg Sudoe","robots":{"index":"index","follow":"follow","max-snippet":"max-snippet:-1","max-image-preview":"max-image-preview:large","max-video-preview":"max-video-preview:-1"},"canonical":"https:\/\/interreg-sudoe.eu\/pt-pt\/noticia-proyecto\/repo-sudoe-dinamiza-la-semana-de-la-biofisica-2026-en-el-politecnico-da-guarda\/","og_locale":"pt_PT","og_type":"article","og_title":"RePo-SUDOE dinamiza Semana da Biof\u00edsica 2026 no Polit\u00e9cnico da Guarda - Interreg Sudoe","og_description":"O projeto RePo-SUDOE assumiu um papel central na dinamiza\u00e7\u00e3o das iniciativas da Semana da Biof\u00edsica 2026, realizada no Instituto Polit\u00e9cnico da Guarda, em colabora\u00e7\u00e3o com a Sociedade Portuguesa de Biof\u00edsica. A iniciativa integrou o programa de divulga\u00e7\u00e3o cient\u00edfica e encontro acad\u00e9mico na \u00e1rea da biof\u00edsica e da investiga\u00e7\u00e3o em sa\u00fade. A equipa do projeto organizou [&hellip;]","og_url":"https:\/\/interreg-sudoe.eu\/pt-pt\/noticia-proyecto\/repo-sudoe-dinamiza-la-semana-de-la-biofisica-2026-en-el-politecnico-da-guarda\/","og_site_name":"Interreg Sudoe","article_publisher":"https:\/\/www.facebook.com\/interregsudoe","article_modified_time":"2026-04-30T09:59:56+00:00","og_image":[{"width":1980,"height":1321,"url":"https:\/\/interreg-sudoe.eu\/wp-content\/uploads\/2026\/04\/7L9A9989.jpg","type":"image\/jpeg"}],"twitter_card":"summary_large_image","twitter_site":"@Sudoe5","twitter_misc":{"Tempo estimado de leitura":"1 minuto"},"schema":{"@context":"https:\/\/schema.org","@graph":[{"@type":"WebPage","@id":"https:\/\/interreg-sudoe.eu\/pt-pt\/noticia-proyecto\/repo-sudoe-dinamiza-la-semana-de-la-biofisica-2026-en-el-politecnico-da-guarda\/","url":"https:\/\/interreg-sudoe.eu\/pt-pt\/noticia-proyecto\/repo-sudoe-dinamiza-la-semana-de-la-biofisica-2026-en-el-politecnico-da-guarda\/","name":"RePo-SUDOE dinamiza Semana da Biof\u00edsica 2026 no Polit\u00e9cnico da Guarda - Interreg Sudoe","isPartOf":{"@id":"https:\/\/interreg-sudoe.eu\/pt-pt\/#website"},"primaryImageOfPage":{"@id":"https:\/\/interreg-sudoe.eu\/pt-pt\/noticia-proyecto\/repo-sudoe-dinamiza-la-semana-de-la-biofisica-2026-en-el-politecnico-da-guarda\/#primaryimage"},"image":{"@id":"https:\/\/interreg-sudoe.eu\/pt-pt\/noticia-proyecto\/repo-sudoe-dinamiza-la-semana-de-la-biofisica-2026-en-el-politecnico-da-guarda\/#primaryimage"},"thumbnailUrl":"https:\/\/interreg-sudoe.eu\/wp-content\/uploads\/2026\/04\/7L9A9989.jpg","datePublished":"2026-04-30T09:57:32+00:00","dateModified":"2026-04-30T09:59:56+00:00","breadcrumb":{"@id":"https:\/\/interreg-sudoe.eu\/pt-pt\/noticia-proyecto\/repo-sudoe-dinamiza-la-semana-de-la-biofisica-2026-en-el-politecnico-da-guarda\/#breadcrumb"},"inLanguage":"pt-PT","potentialAction":[{"@type":"ReadAction","target":["https:\/\/interreg-sudoe.eu\/pt-pt\/noticia-proyecto\/repo-sudoe-dinamiza-la-semana-de-la-biofisica-2026-en-el-politecnico-da-guarda\/"]}]},{"@type":"ImageObject","inLanguage":"pt-PT","@id":"https:\/\/interreg-sudoe.eu\/pt-pt\/noticia-proyecto\/repo-sudoe-dinamiza-la-semana-de-la-biofisica-2026-en-el-politecnico-da-guarda\/#primaryimage","url":"https:\/\/interreg-sudoe.eu\/wp-content\/uploads\/2026\/04\/7L9A9989.jpg","contentUrl":"https:\/\/interreg-sudoe.eu\/wp-content\/uploads\/2026\/04\/7L9A9989.jpg","width":1980,"height":1321},{"@type":"BreadcrumbList","@id":"https:\/\/interreg-sudoe.eu\/pt-pt\/noticia-proyecto\/repo-sudoe-dinamiza-la-semana-de-la-biofisica-2026-en-el-politecnico-da-guarda\/#breadcrumb","itemListElement":[{"@type":"ListItem","position":1,"name":"Home","item":"https:\/\/interreg-sudoe.eu\/pt-pt\/"},{"@type":"ListItem","position":2,"name":"RePo-SUDOE dinamiza Semana da Biof\u00edsica 2026 no Polit\u00e9cnico da Guarda"}]},{"@type":"WebSite","@id":"https:\/\/interreg-sudoe.eu\/pt-pt\/#website","url":"https:\/\/interreg-sudoe.eu\/pt-pt\/","name":"Interreg Sudoe","description":"Interreg Sudoe","publisher":{"@id":"https:\/\/interreg-sudoe.eu\/pt-pt\/#organization"},"alternateName":"Interreg Sudoe","potentialAction":[{"@type":"SearchAction","target":{"@type":"EntryPoint","urlTemplate":"https:\/\/interreg-sudoe.eu\/pt-pt\/?s={search_term_string}"},"query-input":{"@type":"PropertyValueSpecification","valueRequired":true,"valueName":"search_term_string"}}],"inLanguage":"pt-PT"},{"@type":"Organization","@id":"https:\/\/interreg-sudoe.eu\/pt-pt\/#organization","name":"Interreg Sudoe","alternateName":"Interreg Sudoe","url":"https:\/\/interreg-sudoe.eu\/pt-pt\/","logo":{"@type":"ImageObject","inLanguage":"pt-PT","@id":"https:\/\/interreg-sudoe.eu\/pt-pt\/#\/schema\/logo\/image\/","url":"https:\/\/interreg-sudoe.eu\/wp-content\/uploads\/2024\/03\/logo-interreg.png","contentUrl":"https:\/\/interreg-sudoe.eu\/wp-content\/uploads\/2024\/03\/logo-interreg.png","width":1200,"height":675,"caption":"Interreg Sudoe"},"image":{"@id":"https:\/\/interreg-sudoe.eu\/pt-pt\/#\/schema\/logo\/image\/"},"sameAs":["https:\/\/www.facebook.com\/interregsudoe","https:\/\/x.com\/Sudoe5","https:\/\/www.youtube.com\/channel\/UCeGx2edoB32beRc9dbKA2vw","https:\/\/www.linkedin.com\/company\/interreg-sudoe-programme\/","https:\/\/www.flickr.com\/photos\/148704685@N06\/"]}]}},"_links":{"self":[{"href":"https:\/\/interreg-sudoe.eu\/pt-pt\/wp-json\/wp\/v2\/noticia-proyecto\/65190","targetHints":{"allow":["GET"]}}],"collection":[{"href":"https:\/\/interreg-sudoe.eu\/pt-pt\/wp-json\/wp\/v2\/noticia-proyecto"}],"about":[{"href":"https:\/\/interreg-sudoe.eu\/pt-pt\/wp-json\/wp\/v2\/types\/noticia-proyecto"}],"author":[{"embeddable":true,"href":"https:\/\/interreg-sudoe.eu\/pt-pt\/wp-json\/wp\/v2\/users\/4919"}],"wp:featuredmedia":[{"embeddable":true,"href":"https:\/\/interreg-sudoe.eu\/pt-pt\/wp-json\/wp\/v2\/media\/65178"}],"wp:attachment":[{"href":"https:\/\/interreg-sudoe.eu\/pt-pt\/wp-json\/wp\/v2\/media?parent=65190"}],"curies":[{"name":"wp","href":"https:\/\/api.w.org\/{rel}","templated":true}]}}