{"id":71859,"date":"2026-08-31T18:59:11","date_gmt":"2026-08-31T16:59:11","guid":{"rendered":"https:\/\/interreg-sudoe.eu\/noticia-proyecto\/gesteaur-prueba-una-tecnologia-solar-para-eliminar-restos-de-cafeina-ibuprofeno-y-diclofenaco-del-agua\/"},"modified":"2026-08-31T19:04:52","modified_gmt":"2026-08-31T17:04:52","slug":"gesteaur-prueba-una-tecnologia-solar-para-eliminar-restos-de-cafeina-ibuprofeno-y-diclofenaco-del-agua","status":"publish","type":"noticia-proyecto","link":"https:\/\/interreg-sudoe.eu\/pt-pt\/noticia-proyecto\/gesteaur-prueba-una-tecnologia-solar-para-eliminar-restos-de-cafeina-ibuprofeno-y-diclofenaco-del-agua\/","title":{"rendered":"GestEAUr testa tecnologia solar para eliminar vest\u00edgios de cafe\u00edna, ibuprofeno e diclofenaco da \u00e1gua"},"content":{"rendered":"<p>Parceiros franceses da Universidade de Perpignan que participam no projeto europeu GestEAUr (Gest\u00e3o Sustent\u00e1vel da \u00c1gua Urbana no Meio Rural), financiado pelo programa Interreg Sudoe, testaram com sucesso uma tecnologia solar para eliminar vest\u00edgios de cafe\u00edna, ibuprofeno e diclofenaco da \u00e1gua. A reutiliza\u00e7\u00e3o de \u00e1guas residuais tratadas \u00e9 uma das principais respostas \u00e0 seca e \u00e0 escassez de \u00e1gua. Em Fran\u00e7a, o decreto de 2024 sobre a reutiliza\u00e7\u00e3o de \u00e1guas residuais regula estas pr\u00e1ticas para garantir que a \u00e1gua apresenta uma qualidade sanit\u00e1ria adequada para diferentes utiliza\u00e7\u00f5es, como a rega, a limpeza urbana ou algumas aplica\u00e7\u00f5es industriais.<\/p>\n<p>Um dos principais desafios consiste em eliminar pequenos vest\u00edgios de contaminantes que podem estar presentes em concentra\u00e7\u00f5es muito baixas, mas que, ainda assim, podem afetar os ecossistemas aqu\u00e1ticos. Para verificar se as novas tecnologias de tratamento funcionam, o estudo utilizou tr\u00eas subst\u00e2ncias de refer\u00eancia: cafe\u00edna, ibuprofeno e diclofenaco. Todas s\u00e3o mol\u00e9culas frequentemente encontradas em \u00e1guas residuais tratadas e permitem avaliar a resposta do sistema perante contaminantes com comportamentos distintos.<\/p>\n<p>Os investigadores centraram-se numa tecnologia que utiliza a luz solar para desencadear rea\u00e7\u00f5es que degradam estes contaminantes at\u00e9 \u00e0 sua elimina\u00e7\u00e3o. Esta solu\u00e7\u00e3o apresenta duas vantagens importantes: aproveita uma fonte de energia renov\u00e1vel e pode atuar sobre compostos que os tratamentos biol\u00f3gicos convencionais nem sempre conseguem eliminar por completo. A investiga\u00e7\u00e3o avan\u00e7ou por fases, desde o laborat\u00f3rio at\u00e9 condi\u00e7\u00f5es reais.<\/p>\n<p>Numa primeira fase, foram realizados ensaios num ambiente totalmente controlado, variando a concentra\u00e7\u00e3o das subst\u00e2ncias e a intensidade da luz, com o objetivo de compreender de que forma se degradavam. Posteriormente, o sistema foi testado em funcionamento cont\u00ednuo, com luz artificial e com sequ\u00eancias que simulavam as varia\u00e7\u00f5es da luz solar ao longo do dia.<\/p>\n<p>Numa terceira fase, o reator-piloto foi ensaiado com luz solar real e com \u00e1gua contendo cafe\u00edna, ibuprofeno e diclofenaco em concentra\u00e7\u00f5es semelhantes \u00e0s que podem ser encontradas \u00e0 sa\u00edda de uma esta\u00e7\u00e3o de tratamento de \u00e1guas residuais. Os ensaios permitiram avaliar de que forma as varia\u00e7\u00f5es naturais da luz, como a passagem de nuvens ou a altern\u00e2ncia entre o dia e a noite, afetavam o processo.<\/p>\n<p>Por fim, o sistema foi instalado em modo piloto na esta\u00e7\u00e3o de tratamento de \u00e1guas residuais de Pau-Lescar, onde entrou em funcionamento e operou durante nove meses no \u00e2mbito do projeto GestEAUr. Alimentado diretamente com \u00e1guas residuais tratadas, funcionou de forma cont\u00ednua em condi\u00e7\u00f5es meteorol\u00f3gicas reais, incluindo dias de sol, c\u00e9u nublado, chuva, temperaturas elevadas e varia\u00e7\u00f5es sazonais. O estudo valida, assim, o conceito de um fotorreator solar instalado no solo e representa um avan\u00e7o no sentido da utiliza\u00e7\u00e3o desta tecnologia em condi\u00e7\u00f5es reais, com vista a melhorar a reutiliza\u00e7\u00e3o segura da \u00e1gua.<\/p>\n<p>Segue-nos e participa no <a href=\"https:\/\/twitter.com\/GestEAUr\">X<\/a> e no <a href=\"https:\/\/www.linkedin.com\/in\/gesteaur-interreg-sudoe-425503386\/\">LinkedIn<\/a>.<\/p>\n","protected":false},"excerpt":{"rendered":"<p>Parceiros franceses da Universidade de Perpignan que participam no projeto europeu GestEAUr (Gest\u00e3o Sustent\u00e1vel da \u00c1gua Urbana no Meio Rural), financiado pelo programa Interreg Sudoe, testaram com sucesso uma tecnologia solar para eliminar vest\u00edgios de cafe\u00edna, ibuprofeno e diclofenaco da \u00e1gua. A reutiliza\u00e7\u00e3o de \u00e1guas residuais tratadas \u00e9 uma das principais respostas \u00e0 seca e [&hellip;]<\/p>\n","protected":false},"author":6528,"featured_media":71855,"parent":0,"template":"","meta":{"_acf_changed":false,"content-type":"","_monsterinsights_skip_tracking":false,"_members_access_role":[],"_members_access_error":""},"class_list":["post-71859","noticia-proyecto","type-noticia-proyecto","status-publish","has-post-thumbnail","hentry"],"acf":[],"yoast_head":"<!-- This site is optimized with the Yoast SEO plugin v28.3 - https:\/\/yoast.com\/product\/yoast-seo-wordpress\/ -->\n<title>GestEAUr testa tecnologia solar para eliminar vest\u00edgios de cafe\u00edna, ibuprofeno e diclofenaco da \u00e1gua - Interreg Sudoe<\/title>\n<meta name=\"robots\" content=\"index, follow, max-snippet:-1, max-image-preview:large, max-video-preview:-1\" \/>\n<link rel=\"canonical\" href=\"https:\/\/interreg-sudoe.eu\/pt-pt\/noticia-proyecto\/gesteaur-prueba-una-tecnologia-solar-para-eliminar-restos-de-cafeina-ibuprofeno-y-diclofenaco-del-agua\/\" \/>\n<meta property=\"og:locale\" content=\"pt_PT\" \/>\n<meta property=\"og:type\" content=\"article\" \/>\n<meta property=\"og:title\" content=\"GestEAUr testa tecnologia solar para eliminar vest\u00edgios de cafe\u00edna, ibuprofeno e diclofenaco da \u00e1gua - Interreg Sudoe\" \/>\n<meta property=\"og:description\" content=\"Parceiros franceses da Universidade de Perpignan que participam no projeto europeu GestEAUr (Gest\u00e3o Sustent\u00e1vel da \u00c1gua Urbana no Meio Rural), financiado pelo programa Interreg Sudoe, testaram com sucesso uma tecnologia solar para eliminar vest\u00edgios de cafe\u00edna, ibuprofeno e diclofenaco da \u00e1gua. A reutiliza\u00e7\u00e3o de \u00e1guas residuais tratadas \u00e9 uma das principais respostas \u00e0 seca e [&hellip;]\" \/>\n<meta property=\"og:url\" content=\"https:\/\/interreg-sudoe.eu\/pt-pt\/noticia-proyecto\/gesteaur-prueba-una-tecnologia-solar-para-eliminar-restos-de-cafeina-ibuprofeno-y-diclofenaco-del-agua\/\" \/>\n<meta property=\"og:site_name\" content=\"Interreg Sudoe\" \/>\n<meta property=\"article:publisher\" content=\"https:\/\/www.facebook.com\/interregsudoe\" \/>\n<meta property=\"article:modified_time\" content=\"2026-08-31T17:04:52+00:00\" \/>\n<meta property=\"og:image\" content=\"https:\/\/interreg-sudoe.eu\/wp-content\/uploads\/2026\/08\/Foto-1.jpg\" \/>\n\t<meta property=\"og:image:width\" content=\"762\" \/>\n\t<meta property=\"og:image:height\" content=\"1012\" \/>\n\t<meta property=\"og:image:type\" content=\"image\/jpeg\" \/>\n<meta name=\"twitter:card\" content=\"summary_large_image\" \/>\n<meta name=\"twitter:site\" content=\"@Sudoe5\" \/>\n<meta name=\"twitter:label1\" content=\"Tempo estimado de leitura\" \/>\n\t<meta name=\"twitter:data1\" content=\"2 minutos\" \/>\n<script type=\"application\/ld+json\" class=\"yoast-schema-graph\">{\"@context\":\"https:\\\/\\\/schema.org\",\"@graph\":[{\"@type\":\"WebPage\",\"@id\":\"https:\\\/\\\/interreg-sudoe.eu\\\/pt-pt\\\/noticia-proyecto\\\/gesteaur-prueba-una-tecnologia-solar-para-eliminar-restos-de-cafeina-ibuprofeno-y-diclofenaco-del-agua\\\/\",\"url\":\"https:\\\/\\\/interreg-sudoe.eu\\\/pt-pt\\\/noticia-proyecto\\\/gesteaur-prueba-una-tecnologia-solar-para-eliminar-restos-de-cafeina-ibuprofeno-y-diclofenaco-del-agua\\\/\",\"name\":\"GestEAUr testa tecnologia solar para eliminar vest\u00edgios de cafe\u00edna, ibuprofeno e diclofenaco da \u00e1gua - Interreg Sudoe\",\"isPartOf\":{\"@id\":\"https:\\\/\\\/interreg-sudoe.eu\\\/pt-pt\\\/#website\"},\"primaryImageOfPage\":{\"@id\":\"https:\\\/\\\/interreg-sudoe.eu\\\/pt-pt\\\/noticia-proyecto\\\/gesteaur-prueba-una-tecnologia-solar-para-eliminar-restos-de-cafeina-ibuprofeno-y-diclofenaco-del-agua\\\/#primaryimage\"},\"image\":{\"@id\":\"https:\\\/\\\/interreg-sudoe.eu\\\/pt-pt\\\/noticia-proyecto\\\/gesteaur-prueba-una-tecnologia-solar-para-eliminar-restos-de-cafeina-ibuprofeno-y-diclofenaco-del-agua\\\/#primaryimage\"},\"thumbnailUrl\":\"https:\\\/\\\/interreg-sudoe.eu\\\/wp-content\\\/uploads\\\/2026\\\/08\\\/Foto-1.jpg\",\"datePublished\":\"2026-08-31T16:59:11+00:00\",\"dateModified\":\"2026-08-31T17:04:52+00:00\",\"breadcrumb\":{\"@id\":\"https:\\\/\\\/interreg-sudoe.eu\\\/pt-pt\\\/noticia-proyecto\\\/gesteaur-prueba-una-tecnologia-solar-para-eliminar-restos-de-cafeina-ibuprofeno-y-diclofenaco-del-agua\\\/#breadcrumb\"},\"inLanguage\":\"pt-PT\",\"potentialAction\":[{\"@type\":\"ReadAction\",\"target\":[\"https:\\\/\\\/interreg-sudoe.eu\\\/pt-pt\\\/noticia-proyecto\\\/gesteaur-prueba-una-tecnologia-solar-para-eliminar-restos-de-cafeina-ibuprofeno-y-diclofenaco-del-agua\\\/\"]}]},{\"@type\":\"ImageObject\",\"inLanguage\":\"pt-PT\",\"@id\":\"https:\\\/\\\/interreg-sudoe.eu\\\/pt-pt\\\/noticia-proyecto\\\/gesteaur-prueba-una-tecnologia-solar-para-eliminar-restos-de-cafeina-ibuprofeno-y-diclofenaco-del-agua\\\/#primaryimage\",\"url\":\"https:\\\/\\\/interreg-sudoe.eu\\\/wp-content\\\/uploads\\\/2026\\\/08\\\/Foto-1.jpg\",\"contentUrl\":\"https:\\\/\\\/interreg-sudoe.eu\\\/wp-content\\\/uploads\\\/2026\\\/08\\\/Foto-1.jpg\",\"width\":762,\"height\":1012},{\"@type\":\"BreadcrumbList\",\"@id\":\"https:\\\/\\\/interreg-sudoe.eu\\\/pt-pt\\\/noticia-proyecto\\\/gesteaur-prueba-una-tecnologia-solar-para-eliminar-restos-de-cafeina-ibuprofeno-y-diclofenaco-del-agua\\\/#breadcrumb\",\"itemListElement\":[{\"@type\":\"ListItem\",\"position\":1,\"name\":\"Home\",\"item\":\"https:\\\/\\\/interreg-sudoe.eu\\\/pt-pt\\\/\"},{\"@type\":\"ListItem\",\"position\":2,\"name\":\"GestEAUr testa tecnologia solar para eliminar vest\u00edgios de cafe\u00edna, ibuprofeno e diclofenaco da \u00e1gua\"}]},{\"@type\":\"WebSite\",\"@id\":\"https:\\\/\\\/interreg-sudoe.eu\\\/pt-pt\\\/#website\",\"url\":\"https:\\\/\\\/interreg-sudoe.eu\\\/pt-pt\\\/\",\"name\":\"Interreg Sudoe\",\"description\":\"Interreg Sudoe\",\"publisher\":{\"@id\":\"https:\\\/\\\/interreg-sudoe.eu\\\/pt-pt\\\/#organization\"},\"alternateName\":\"Interreg Sudoe\",\"potentialAction\":[{\"@type\":\"SearchAction\",\"target\":{\"@type\":\"EntryPoint\",\"urlTemplate\":\"https:\\\/\\\/interreg-sudoe.eu\\\/pt-pt\\\/?s={search_term_string}\"},\"query-input\":{\"@type\":\"PropertyValueSpecification\",\"valueRequired\":true,\"valueName\":\"search_term_string\"}}],\"inLanguage\":\"pt-PT\"},{\"@type\":\"Organization\",\"@id\":\"https:\\\/\\\/interreg-sudoe.eu\\\/pt-pt\\\/#organization\",\"name\":\"Interreg Sudoe\",\"alternateName\":\"Interreg Sudoe\",\"url\":\"https:\\\/\\\/interreg-sudoe.eu\\\/pt-pt\\\/\",\"logo\":{\"@type\":\"ImageObject\",\"inLanguage\":\"pt-PT\",\"@id\":\"https:\\\/\\\/interreg-sudoe.eu\\\/pt-pt\\\/#\\\/schema\\\/logo\\\/image\\\/\",\"url\":\"https:\\\/\\\/interreg-sudoe.eu\\\/wp-content\\\/uploads\\\/2024\\\/03\\\/logo-interreg.png\",\"contentUrl\":\"https:\\\/\\\/interreg-sudoe.eu\\\/wp-content\\\/uploads\\\/2024\\\/03\\\/logo-interreg.png\",\"width\":1200,\"height\":675,\"caption\":\"Interreg Sudoe\"},\"image\":{\"@id\":\"https:\\\/\\\/interreg-sudoe.eu\\\/pt-pt\\\/#\\\/schema\\\/logo\\\/image\\\/\"},\"sameAs\":[\"https:\\\/\\\/www.facebook.com\\\/interregsudoe\",\"https:\\\/\\\/x.com\\\/Sudoe5\",\"https:\\\/\\\/www.youtube.com\\\/channel\\\/UCeGx2edoB32beRc9dbKA2vw\",\"https:\\\/\\\/www.linkedin.com\\\/company\\\/interreg-sudoe-programme\\\/\",\"https:\\\/\\\/www.flickr.com\\\/photos\\\/148704685@N06\\\/\"]}]}<\/script>\n<!-- \/ Yoast SEO plugin. -->","yoast_head_json":{"title":"GestEAUr testa tecnologia solar para eliminar vest\u00edgios de cafe\u00edna, ibuprofeno e diclofenaco da \u00e1gua - Interreg Sudoe","robots":{"index":"index","follow":"follow","max-snippet":"max-snippet:-1","max-image-preview":"max-image-preview:large","max-video-preview":"max-video-preview:-1"},"canonical":"https:\/\/interreg-sudoe.eu\/pt-pt\/noticia-proyecto\/gesteaur-prueba-una-tecnologia-solar-para-eliminar-restos-de-cafeina-ibuprofeno-y-diclofenaco-del-agua\/","og_locale":"pt_PT","og_type":"article","og_title":"GestEAUr testa tecnologia solar para eliminar vest\u00edgios de cafe\u00edna, ibuprofeno e diclofenaco da \u00e1gua - Interreg Sudoe","og_description":"Parceiros franceses da Universidade de Perpignan que participam no projeto europeu GestEAUr (Gest\u00e3o Sustent\u00e1vel da \u00c1gua Urbana no Meio Rural), financiado pelo programa Interreg Sudoe, testaram com sucesso uma tecnologia solar para eliminar vest\u00edgios de cafe\u00edna, ibuprofeno e diclofenaco da \u00e1gua. A reutiliza\u00e7\u00e3o de \u00e1guas residuais tratadas \u00e9 uma das principais respostas \u00e0 seca e [&hellip;]","og_url":"https:\/\/interreg-sudoe.eu\/pt-pt\/noticia-proyecto\/gesteaur-prueba-una-tecnologia-solar-para-eliminar-restos-de-cafeina-ibuprofeno-y-diclofenaco-del-agua\/","og_site_name":"Interreg Sudoe","article_publisher":"https:\/\/www.facebook.com\/interregsudoe","article_modified_time":"2026-08-31T17:04:52+00:00","og_image":[{"width":762,"height":1012,"url":"https:\/\/interreg-sudoe.eu\/wp-content\/uploads\/2026\/08\/Foto-1.jpg","type":"image\/jpeg"}],"twitter_card":"summary_large_image","twitter_site":"@Sudoe5","twitter_misc":{"Tempo estimado de leitura":"2 minutos"},"schema":{"@context":"https:\/\/schema.org","@graph":[{"@type":"WebPage","@id":"https:\/\/interreg-sudoe.eu\/pt-pt\/noticia-proyecto\/gesteaur-prueba-una-tecnologia-solar-para-eliminar-restos-de-cafeina-ibuprofeno-y-diclofenaco-del-agua\/","url":"https:\/\/interreg-sudoe.eu\/pt-pt\/noticia-proyecto\/gesteaur-prueba-una-tecnologia-solar-para-eliminar-restos-de-cafeina-ibuprofeno-y-diclofenaco-del-agua\/","name":"GestEAUr testa tecnologia solar para eliminar vest\u00edgios de cafe\u00edna, ibuprofeno e diclofenaco da \u00e1gua - Interreg Sudoe","isPartOf":{"@id":"https:\/\/interreg-sudoe.eu\/pt-pt\/#website"},"primaryImageOfPage":{"@id":"https:\/\/interreg-sudoe.eu\/pt-pt\/noticia-proyecto\/gesteaur-prueba-una-tecnologia-solar-para-eliminar-restos-de-cafeina-ibuprofeno-y-diclofenaco-del-agua\/#primaryimage"},"image":{"@id":"https:\/\/interreg-sudoe.eu\/pt-pt\/noticia-proyecto\/gesteaur-prueba-una-tecnologia-solar-para-eliminar-restos-de-cafeina-ibuprofeno-y-diclofenaco-del-agua\/#primaryimage"},"thumbnailUrl":"https:\/\/interreg-sudoe.eu\/wp-content\/uploads\/2026\/08\/Foto-1.jpg","datePublished":"2026-08-31T16:59:11+00:00","dateModified":"2026-08-31T17:04:52+00:00","breadcrumb":{"@id":"https:\/\/interreg-sudoe.eu\/pt-pt\/noticia-proyecto\/gesteaur-prueba-una-tecnologia-solar-para-eliminar-restos-de-cafeina-ibuprofeno-y-diclofenaco-del-agua\/#breadcrumb"},"inLanguage":"pt-PT","potentialAction":[{"@type":"ReadAction","target":["https:\/\/interreg-sudoe.eu\/pt-pt\/noticia-proyecto\/gesteaur-prueba-una-tecnologia-solar-para-eliminar-restos-de-cafeina-ibuprofeno-y-diclofenaco-del-agua\/"]}]},{"@type":"ImageObject","inLanguage":"pt-PT","@id":"https:\/\/interreg-sudoe.eu\/pt-pt\/noticia-proyecto\/gesteaur-prueba-una-tecnologia-solar-para-eliminar-restos-de-cafeina-ibuprofeno-y-diclofenaco-del-agua\/#primaryimage","url":"https:\/\/interreg-sudoe.eu\/wp-content\/uploads\/2026\/08\/Foto-1.jpg","contentUrl":"https:\/\/interreg-sudoe.eu\/wp-content\/uploads\/2026\/08\/Foto-1.jpg","width":762,"height":1012},{"@type":"BreadcrumbList","@id":"https:\/\/interreg-sudoe.eu\/pt-pt\/noticia-proyecto\/gesteaur-prueba-una-tecnologia-solar-para-eliminar-restos-de-cafeina-ibuprofeno-y-diclofenaco-del-agua\/#breadcrumb","itemListElement":[{"@type":"ListItem","position":1,"name":"Home","item":"https:\/\/interreg-sudoe.eu\/pt-pt\/"},{"@type":"ListItem","position":2,"name":"GestEAUr testa tecnologia solar para eliminar vest\u00edgios de cafe\u00edna, ibuprofeno e diclofenaco da \u00e1gua"}]},{"@type":"WebSite","@id":"https:\/\/interreg-sudoe.eu\/pt-pt\/#website","url":"https:\/\/interreg-sudoe.eu\/pt-pt\/","name":"Interreg Sudoe","description":"Interreg Sudoe","publisher":{"@id":"https:\/\/interreg-sudoe.eu\/pt-pt\/#organization"},"alternateName":"Interreg Sudoe","potentialAction":[{"@type":"SearchAction","target":{"@type":"EntryPoint","urlTemplate":"https:\/\/interreg-sudoe.eu\/pt-pt\/?s={search_term_string}"},"query-input":{"@type":"PropertyValueSpecification","valueRequired":true,"valueName":"search_term_string"}}],"inLanguage":"pt-PT"},{"@type":"Organization","@id":"https:\/\/interreg-sudoe.eu\/pt-pt\/#organization","name":"Interreg Sudoe","alternateName":"Interreg Sudoe","url":"https:\/\/interreg-sudoe.eu\/pt-pt\/","logo":{"@type":"ImageObject","inLanguage":"pt-PT","@id":"https:\/\/interreg-sudoe.eu\/pt-pt\/#\/schema\/logo\/image\/","url":"https:\/\/interreg-sudoe.eu\/wp-content\/uploads\/2024\/03\/logo-interreg.png","contentUrl":"https:\/\/interreg-sudoe.eu\/wp-content\/uploads\/2024\/03\/logo-interreg.png","width":1200,"height":675,"caption":"Interreg Sudoe"},"image":{"@id":"https:\/\/interreg-sudoe.eu\/pt-pt\/#\/schema\/logo\/image\/"},"sameAs":["https:\/\/www.facebook.com\/interregsudoe","https:\/\/x.com\/Sudoe5","https:\/\/www.youtube.com\/channel\/UCeGx2edoB32beRc9dbKA2vw","https:\/\/www.linkedin.com\/company\/interreg-sudoe-programme\/","https:\/\/www.flickr.com\/photos\/148704685@N06\/"]}]}},"_links":{"self":[{"href":"https:\/\/interreg-sudoe.eu\/pt-pt\/wp-json\/wp\/v2\/noticia-proyecto\/71859","targetHints":{"allow":["GET"]}}],"collection":[{"href":"https:\/\/interreg-sudoe.eu\/pt-pt\/wp-json\/wp\/v2\/noticia-proyecto"}],"about":[{"href":"https:\/\/interreg-sudoe.eu\/pt-pt\/wp-json\/wp\/v2\/types\/noticia-proyecto"}],"author":[{"embeddable":true,"href":"https:\/\/interreg-sudoe.eu\/pt-pt\/wp-json\/wp\/v2\/users\/6528"}],"wp:featuredmedia":[{"embeddable":true,"href":"https:\/\/interreg-sudoe.eu\/pt-pt\/wp-json\/wp\/v2\/media\/71855"}],"wp:attachment":[{"href":"https:\/\/interreg-sudoe.eu\/pt-pt\/wp-json\/wp\/v2\/media?parent=71859"}],"curies":[{"name":"wp","href":"https:\/\/api.w.org\/{rel}","templated":true}]}}