{"id":71877,"date":"2026-09-01T13:37:37","date_gmt":"2026-09-01T11:37:37","guid":{"rendered":"https:\/\/interreg-sudoe.eu\/noticia-proyecto\/la-experiencia-piloto-de-cartaxo-para-la-reutilizacion-de-aguas-residuales-mediante-humedales-construidos-ya-esta-en-marcha\/"},"modified":"2026-09-01T13:44:43","modified_gmt":"2026-09-01T11:44:43","slug":"la-experiencia-piloto-de-cartaxo-para-la-reutilizacion-de-aguas-residuales-mediante-humedales-construidos-ya-esta-en-marcha","status":"publish","type":"noticia-proyecto","link":"https:\/\/interreg-sudoe.eu\/pt-pt\/noticia-proyecto\/la-experiencia-piloto-de-cartaxo-para-la-reutilizacion-de-aguas-residuales-mediante-humedales-construidos-ya-esta-en-marcha\/","title":{"rendered":"A experi\u00eancia-piloto de Cartaxo para a reutiliza\u00e7\u00e3o de \u00e1guas residuais atrav\u00e9s de zonas h\u00famidas constru\u00eddas j\u00e1 est\u00e1 em funcionamento"},"content":{"rendered":"<p>O <span style=\"color: #993300;\"><strong>Piloto 2 do projeto GestEAUr, localizado na ETAR de Valada (Cartaxo)<\/strong><\/span>, j\u00e1 entrou em funcionamento. Trata-se de um sistema composto por duas zonas h\u00famidas constru\u00eddas \u2014 uma convencional e outra eletroestimulada \u2014 que tratam as \u00e1guas residuais da esta\u00e7\u00e3o ap\u00f3s a etapa de pr\u00e9-tratamento, com o objetivo de avaliar e comparar o desempenho de ambas as tecnologias com vista \u00e0 sua futura reutiliza\u00e7\u00e3o.<\/p>\n<p>O projeto europeu GestEAUr (Gest\u00e3o Sustent\u00e1vel da \u00c1gua Urbana no Meio Rural), financiado pelo programa Interreg Sudoe, avan\u00e7a assim na procura de solu\u00e7\u00f5es baseadas em tecnologias naturais para a recupera\u00e7\u00e3o e reutiliza\u00e7\u00e3o de \u00e1guas residuais, num contexto em que garantir novos usos da \u00e1gua se torna cada vez mais necess\u00e1rio.<\/p>\n<p>Est\u00e1 prevista, em breve, a integra\u00e7\u00e3o neste piloto de uma unidade de ultrafiltra\u00e7\u00e3o, atualmente em fase de prepara\u00e7\u00e3o nas instala\u00e7\u00f5es da AdTA, em Torres Vedras. Depois de transferida para Cartaxo, esta unidade permitir\u00e1 tratar o efluente proveniente das zonas h\u00famidas, de forma a obter uma qualidade de \u00e1gua adequada \u00e0 sua reutiliza\u00e7\u00e3o em aplica\u00e7\u00f5es como a rega ou a limpeza de ruas.<\/p>\n<p>O projeto est\u00e1 tamb\u00e9m a trabalhar com diferentes entidades, entre as quais servi\u00e7os municipais e de emerg\u00eancia, para explorar novas aplica\u00e7\u00f5es da \u00e1gua regenerada. Os resultados deste piloto contribuir\u00e3o para promover modelos de gest\u00e3o da \u00e1gua mais seguros, sustent\u00e1veis e resilientes no espa\u00e7o SUDOE.<\/p>\n<p>Segue-nos e participa no <a href=\"https:\/\/twitter.com\/GestEAUr\">X<\/a> e no <a href=\"https:\/\/www.linkedin.com\/in\/gesteaur-interreg-sudoe-425503386\/\">LinkedIn<\/a>.<\/p>\n","protected":false},"excerpt":{"rendered":"<p>O Piloto 2 do projeto GestEAUr, localizado na ETAR de Valada (Cartaxo), j\u00e1 entrou em funcionamento. Trata-se de um sistema composto por duas zonas h\u00famidas constru\u00eddas \u2014 uma convencional e outra eletroestimulada \u2014 que tratam as \u00e1guas residuais da esta\u00e7\u00e3o ap\u00f3s a etapa de pr\u00e9-tratamento, com o objetivo de avaliar e comparar o desempenho de [&hellip;]<\/p>\n","protected":false},"author":6528,"featured_media":71873,"parent":0,"template":"","meta":{"_acf_changed":false,"content-type":"","_monsterinsights_skip_tracking":false,"_members_access_role":[],"_members_access_error":""},"class_list":["post-71877","noticia-proyecto","type-noticia-proyecto","status-publish","has-post-thumbnail","hentry"],"acf":[],"yoast_head":"<!-- This site is optimized with the Yoast SEO plugin v28.3 - https:\/\/yoast.com\/product\/yoast-seo-wordpress\/ -->\n<title>A experi\u00eancia-piloto de Cartaxo para a reutiliza\u00e7\u00e3o de \u00e1guas residuais atrav\u00e9s de zonas h\u00famidas constru\u00eddas j\u00e1 est\u00e1 em funcionamento - Interreg Sudoe<\/title>\n<meta name=\"robots\" content=\"index, follow, max-snippet:-1, max-image-preview:large, max-video-preview:-1\" \/>\n<link rel=\"canonical\" href=\"https:\/\/interreg-sudoe.eu\/pt-pt\/noticia-proyecto\/la-experiencia-piloto-de-cartaxo-para-la-reutilizacion-de-aguas-residuales-mediante-humedales-construidos-ya-esta-en-marcha\/\" \/>\n<meta property=\"og:locale\" content=\"pt_PT\" \/>\n<meta property=\"og:type\" content=\"article\" \/>\n<meta property=\"og:title\" content=\"A experi\u00eancia-piloto de Cartaxo para a reutiliza\u00e7\u00e3o de \u00e1guas residuais atrav\u00e9s de zonas h\u00famidas constru\u00eddas j\u00e1 est\u00e1 em funcionamento - Interreg Sudoe\" \/>\n<meta property=\"og:description\" content=\"O Piloto 2 do projeto GestEAUr, localizado na ETAR de Valada (Cartaxo), j\u00e1 entrou em funcionamento. Trata-se de um sistema composto por duas zonas h\u00famidas constru\u00eddas \u2014 uma convencional e outra eletroestimulada \u2014 que tratam as \u00e1guas residuais da esta\u00e7\u00e3o ap\u00f3s a etapa de pr\u00e9-tratamento, com o objetivo de avaliar e comparar o desempenho de [&hellip;]\" \/>\n<meta property=\"og:url\" content=\"https:\/\/interreg-sudoe.eu\/pt-pt\/noticia-proyecto\/la-experiencia-piloto-de-cartaxo-para-la-reutilizacion-de-aguas-residuales-mediante-humedales-construidos-ya-esta-en-marcha\/\" \/>\n<meta property=\"og:site_name\" content=\"Interreg Sudoe\" \/>\n<meta property=\"article:publisher\" content=\"https:\/\/www.facebook.com\/interregsudoe\" \/>\n<meta property=\"article:modified_time\" content=\"2026-09-01T11:44:43+00:00\" \/>\n<meta property=\"og:image\" content=\"https:\/\/interreg-sudoe.eu\/wp-content\/uploads\/2026\/09\/Imagen-1.jpeg\" \/>\n\t<meta property=\"og:image:width\" content=\"1296\" \/>\n\t<meta property=\"og:image:height\" content=\"959\" \/>\n\t<meta property=\"og:image:type\" content=\"image\/jpeg\" \/>\n<meta name=\"twitter:card\" content=\"summary_large_image\" \/>\n<meta name=\"twitter:site\" content=\"@Sudoe5\" \/>\n<meta name=\"twitter:label1\" content=\"Tempo estimado de leitura\" \/>\n\t<meta name=\"twitter:data1\" content=\"1 minuto\" \/>\n<script type=\"application\/ld+json\" class=\"yoast-schema-graph\">{\"@context\":\"https:\\\/\\\/schema.org\",\"@graph\":[{\"@type\":\"WebPage\",\"@id\":\"https:\\\/\\\/interreg-sudoe.eu\\\/pt-pt\\\/noticia-proyecto\\\/la-experiencia-piloto-de-cartaxo-para-la-reutilizacion-de-aguas-residuales-mediante-humedales-construidos-ya-esta-en-marcha\\\/\",\"url\":\"https:\\\/\\\/interreg-sudoe.eu\\\/pt-pt\\\/noticia-proyecto\\\/la-experiencia-piloto-de-cartaxo-para-la-reutilizacion-de-aguas-residuales-mediante-humedales-construidos-ya-esta-en-marcha\\\/\",\"name\":\"A experi\u00eancia-piloto de Cartaxo para a reutiliza\u00e7\u00e3o de \u00e1guas residuais atrav\u00e9s de zonas h\u00famidas constru\u00eddas j\u00e1 est\u00e1 em funcionamento - Interreg Sudoe\",\"isPartOf\":{\"@id\":\"https:\\\/\\\/interreg-sudoe.eu\\\/pt-pt\\\/#website\"},\"primaryImageOfPage\":{\"@id\":\"https:\\\/\\\/interreg-sudoe.eu\\\/pt-pt\\\/noticia-proyecto\\\/la-experiencia-piloto-de-cartaxo-para-la-reutilizacion-de-aguas-residuales-mediante-humedales-construidos-ya-esta-en-marcha\\\/#primaryimage\"},\"image\":{\"@id\":\"https:\\\/\\\/interreg-sudoe.eu\\\/pt-pt\\\/noticia-proyecto\\\/la-experiencia-piloto-de-cartaxo-para-la-reutilizacion-de-aguas-residuales-mediante-humedales-construidos-ya-esta-en-marcha\\\/#primaryimage\"},\"thumbnailUrl\":\"https:\\\/\\\/interreg-sudoe.eu\\\/wp-content\\\/uploads\\\/2026\\\/09\\\/Imagen-1.jpeg\",\"datePublished\":\"2026-09-01T11:37:37+00:00\",\"dateModified\":\"2026-09-01T11:44:43+00:00\",\"breadcrumb\":{\"@id\":\"https:\\\/\\\/interreg-sudoe.eu\\\/pt-pt\\\/noticia-proyecto\\\/la-experiencia-piloto-de-cartaxo-para-la-reutilizacion-de-aguas-residuales-mediante-humedales-construidos-ya-esta-en-marcha\\\/#breadcrumb\"},\"inLanguage\":\"pt-PT\",\"potentialAction\":[{\"@type\":\"ReadAction\",\"target\":[\"https:\\\/\\\/interreg-sudoe.eu\\\/pt-pt\\\/noticia-proyecto\\\/la-experiencia-piloto-de-cartaxo-para-la-reutilizacion-de-aguas-residuales-mediante-humedales-construidos-ya-esta-en-marcha\\\/\"]}]},{\"@type\":\"ImageObject\",\"inLanguage\":\"pt-PT\",\"@id\":\"https:\\\/\\\/interreg-sudoe.eu\\\/pt-pt\\\/noticia-proyecto\\\/la-experiencia-piloto-de-cartaxo-para-la-reutilizacion-de-aguas-residuales-mediante-humedales-construidos-ya-esta-en-marcha\\\/#primaryimage\",\"url\":\"https:\\\/\\\/interreg-sudoe.eu\\\/wp-content\\\/uploads\\\/2026\\\/09\\\/Imagen-1.jpeg\",\"contentUrl\":\"https:\\\/\\\/interreg-sudoe.eu\\\/wp-content\\\/uploads\\\/2026\\\/09\\\/Imagen-1.jpeg\",\"width\":1296,\"height\":959},{\"@type\":\"BreadcrumbList\",\"@id\":\"https:\\\/\\\/interreg-sudoe.eu\\\/pt-pt\\\/noticia-proyecto\\\/la-experiencia-piloto-de-cartaxo-para-la-reutilizacion-de-aguas-residuales-mediante-humedales-construidos-ya-esta-en-marcha\\\/#breadcrumb\",\"itemListElement\":[{\"@type\":\"ListItem\",\"position\":1,\"name\":\"Home\",\"item\":\"https:\\\/\\\/interreg-sudoe.eu\\\/pt-pt\\\/\"},{\"@type\":\"ListItem\",\"position\":2,\"name\":\"A experi\u00eancia-piloto de Cartaxo para a reutiliza\u00e7\u00e3o de \u00e1guas residuais atrav\u00e9s de zonas h\u00famidas constru\u00eddas j\u00e1 est\u00e1 em funcionamento\"}]},{\"@type\":\"WebSite\",\"@id\":\"https:\\\/\\\/interreg-sudoe.eu\\\/pt-pt\\\/#website\",\"url\":\"https:\\\/\\\/interreg-sudoe.eu\\\/pt-pt\\\/\",\"name\":\"Interreg Sudoe\",\"description\":\"Interreg Sudoe\",\"publisher\":{\"@id\":\"https:\\\/\\\/interreg-sudoe.eu\\\/pt-pt\\\/#organization\"},\"alternateName\":\"Interreg Sudoe\",\"potentialAction\":[{\"@type\":\"SearchAction\",\"target\":{\"@type\":\"EntryPoint\",\"urlTemplate\":\"https:\\\/\\\/interreg-sudoe.eu\\\/pt-pt\\\/?s={search_term_string}\"},\"query-input\":{\"@type\":\"PropertyValueSpecification\",\"valueRequired\":true,\"valueName\":\"search_term_string\"}}],\"inLanguage\":\"pt-PT\"},{\"@type\":\"Organization\",\"@id\":\"https:\\\/\\\/interreg-sudoe.eu\\\/pt-pt\\\/#organization\",\"name\":\"Interreg Sudoe\",\"alternateName\":\"Interreg Sudoe\",\"url\":\"https:\\\/\\\/interreg-sudoe.eu\\\/pt-pt\\\/\",\"logo\":{\"@type\":\"ImageObject\",\"inLanguage\":\"pt-PT\",\"@id\":\"https:\\\/\\\/interreg-sudoe.eu\\\/pt-pt\\\/#\\\/schema\\\/logo\\\/image\\\/\",\"url\":\"https:\\\/\\\/interreg-sudoe.eu\\\/wp-content\\\/uploads\\\/2024\\\/03\\\/logo-interreg.png\",\"contentUrl\":\"https:\\\/\\\/interreg-sudoe.eu\\\/wp-content\\\/uploads\\\/2024\\\/03\\\/logo-interreg.png\",\"width\":1200,\"height\":675,\"caption\":\"Interreg Sudoe\"},\"image\":{\"@id\":\"https:\\\/\\\/interreg-sudoe.eu\\\/pt-pt\\\/#\\\/schema\\\/logo\\\/image\\\/\"},\"sameAs\":[\"https:\\\/\\\/www.facebook.com\\\/interregsudoe\",\"https:\\\/\\\/x.com\\\/Sudoe5\",\"https:\\\/\\\/www.youtube.com\\\/channel\\\/UCeGx2edoB32beRc9dbKA2vw\",\"https:\\\/\\\/www.linkedin.com\\\/company\\\/interreg-sudoe-programme\\\/\",\"https:\\\/\\\/www.flickr.com\\\/photos\\\/148704685@N06\\\/\"]}]}<\/script>\n<!-- \/ Yoast SEO plugin. -->","yoast_head_json":{"title":"A experi\u00eancia-piloto de Cartaxo para a reutiliza\u00e7\u00e3o de \u00e1guas residuais atrav\u00e9s de zonas h\u00famidas constru\u00eddas j\u00e1 est\u00e1 em funcionamento - Interreg Sudoe","robots":{"index":"index","follow":"follow","max-snippet":"max-snippet:-1","max-image-preview":"max-image-preview:large","max-video-preview":"max-video-preview:-1"},"canonical":"https:\/\/interreg-sudoe.eu\/pt-pt\/noticia-proyecto\/la-experiencia-piloto-de-cartaxo-para-la-reutilizacion-de-aguas-residuales-mediante-humedales-construidos-ya-esta-en-marcha\/","og_locale":"pt_PT","og_type":"article","og_title":"A experi\u00eancia-piloto de Cartaxo para a reutiliza\u00e7\u00e3o de \u00e1guas residuais atrav\u00e9s de zonas h\u00famidas constru\u00eddas j\u00e1 est\u00e1 em funcionamento - Interreg Sudoe","og_description":"O Piloto 2 do projeto GestEAUr, localizado na ETAR de Valada (Cartaxo), j\u00e1 entrou em funcionamento. Trata-se de um sistema composto por duas zonas h\u00famidas constru\u00eddas \u2014 uma convencional e outra eletroestimulada \u2014 que tratam as \u00e1guas residuais da esta\u00e7\u00e3o ap\u00f3s a etapa de pr\u00e9-tratamento, com o objetivo de avaliar e comparar o desempenho de [&hellip;]","og_url":"https:\/\/interreg-sudoe.eu\/pt-pt\/noticia-proyecto\/la-experiencia-piloto-de-cartaxo-para-la-reutilizacion-de-aguas-residuales-mediante-humedales-construidos-ya-esta-en-marcha\/","og_site_name":"Interreg Sudoe","article_publisher":"https:\/\/www.facebook.com\/interregsudoe","article_modified_time":"2026-09-01T11:44:43+00:00","og_image":[{"width":1296,"height":959,"url":"https:\/\/interreg-sudoe.eu\/wp-content\/uploads\/2026\/09\/Imagen-1.jpeg","type":"image\/jpeg"}],"twitter_card":"summary_large_image","twitter_site":"@Sudoe5","twitter_misc":{"Tempo estimado de leitura":"1 minuto"},"schema":{"@context":"https:\/\/schema.org","@graph":[{"@type":"WebPage","@id":"https:\/\/interreg-sudoe.eu\/pt-pt\/noticia-proyecto\/la-experiencia-piloto-de-cartaxo-para-la-reutilizacion-de-aguas-residuales-mediante-humedales-construidos-ya-esta-en-marcha\/","url":"https:\/\/interreg-sudoe.eu\/pt-pt\/noticia-proyecto\/la-experiencia-piloto-de-cartaxo-para-la-reutilizacion-de-aguas-residuales-mediante-humedales-construidos-ya-esta-en-marcha\/","name":"A experi\u00eancia-piloto de Cartaxo para a reutiliza\u00e7\u00e3o de \u00e1guas residuais atrav\u00e9s de zonas h\u00famidas constru\u00eddas j\u00e1 est\u00e1 em funcionamento - Interreg Sudoe","isPartOf":{"@id":"https:\/\/interreg-sudoe.eu\/pt-pt\/#website"},"primaryImageOfPage":{"@id":"https:\/\/interreg-sudoe.eu\/pt-pt\/noticia-proyecto\/la-experiencia-piloto-de-cartaxo-para-la-reutilizacion-de-aguas-residuales-mediante-humedales-construidos-ya-esta-en-marcha\/#primaryimage"},"image":{"@id":"https:\/\/interreg-sudoe.eu\/pt-pt\/noticia-proyecto\/la-experiencia-piloto-de-cartaxo-para-la-reutilizacion-de-aguas-residuales-mediante-humedales-construidos-ya-esta-en-marcha\/#primaryimage"},"thumbnailUrl":"https:\/\/interreg-sudoe.eu\/wp-content\/uploads\/2026\/09\/Imagen-1.jpeg","datePublished":"2026-09-01T11:37:37+00:00","dateModified":"2026-09-01T11:44:43+00:00","breadcrumb":{"@id":"https:\/\/interreg-sudoe.eu\/pt-pt\/noticia-proyecto\/la-experiencia-piloto-de-cartaxo-para-la-reutilizacion-de-aguas-residuales-mediante-humedales-construidos-ya-esta-en-marcha\/#breadcrumb"},"inLanguage":"pt-PT","potentialAction":[{"@type":"ReadAction","target":["https:\/\/interreg-sudoe.eu\/pt-pt\/noticia-proyecto\/la-experiencia-piloto-de-cartaxo-para-la-reutilizacion-de-aguas-residuales-mediante-humedales-construidos-ya-esta-en-marcha\/"]}]},{"@type":"ImageObject","inLanguage":"pt-PT","@id":"https:\/\/interreg-sudoe.eu\/pt-pt\/noticia-proyecto\/la-experiencia-piloto-de-cartaxo-para-la-reutilizacion-de-aguas-residuales-mediante-humedales-construidos-ya-esta-en-marcha\/#primaryimage","url":"https:\/\/interreg-sudoe.eu\/wp-content\/uploads\/2026\/09\/Imagen-1.jpeg","contentUrl":"https:\/\/interreg-sudoe.eu\/wp-content\/uploads\/2026\/09\/Imagen-1.jpeg","width":1296,"height":959},{"@type":"BreadcrumbList","@id":"https:\/\/interreg-sudoe.eu\/pt-pt\/noticia-proyecto\/la-experiencia-piloto-de-cartaxo-para-la-reutilizacion-de-aguas-residuales-mediante-humedales-construidos-ya-esta-en-marcha\/#breadcrumb","itemListElement":[{"@type":"ListItem","position":1,"name":"Home","item":"https:\/\/interreg-sudoe.eu\/pt-pt\/"},{"@type":"ListItem","position":2,"name":"A experi\u00eancia-piloto de Cartaxo para a reutiliza\u00e7\u00e3o de \u00e1guas residuais atrav\u00e9s de zonas h\u00famidas constru\u00eddas j\u00e1 est\u00e1 em funcionamento"}]},{"@type":"WebSite","@id":"https:\/\/interreg-sudoe.eu\/pt-pt\/#website","url":"https:\/\/interreg-sudoe.eu\/pt-pt\/","name":"Interreg Sudoe","description":"Interreg Sudoe","publisher":{"@id":"https:\/\/interreg-sudoe.eu\/pt-pt\/#organization"},"alternateName":"Interreg Sudoe","potentialAction":[{"@type":"SearchAction","target":{"@type":"EntryPoint","urlTemplate":"https:\/\/interreg-sudoe.eu\/pt-pt\/?s={search_term_string}"},"query-input":{"@type":"PropertyValueSpecification","valueRequired":true,"valueName":"search_term_string"}}],"inLanguage":"pt-PT"},{"@type":"Organization","@id":"https:\/\/interreg-sudoe.eu\/pt-pt\/#organization","name":"Interreg Sudoe","alternateName":"Interreg Sudoe","url":"https:\/\/interreg-sudoe.eu\/pt-pt\/","logo":{"@type":"ImageObject","inLanguage":"pt-PT","@id":"https:\/\/interreg-sudoe.eu\/pt-pt\/#\/schema\/logo\/image\/","url":"https:\/\/interreg-sudoe.eu\/wp-content\/uploads\/2024\/03\/logo-interreg.png","contentUrl":"https:\/\/interreg-sudoe.eu\/wp-content\/uploads\/2024\/03\/logo-interreg.png","width":1200,"height":675,"caption":"Interreg Sudoe"},"image":{"@id":"https:\/\/interreg-sudoe.eu\/pt-pt\/#\/schema\/logo\/image\/"},"sameAs":["https:\/\/www.facebook.com\/interregsudoe","https:\/\/x.com\/Sudoe5","https:\/\/www.youtube.com\/channel\/UCeGx2edoB32beRc9dbKA2vw","https:\/\/www.linkedin.com\/company\/interreg-sudoe-programme\/","https:\/\/www.flickr.com\/photos\/148704685@N06\/"]}]}},"_links":{"self":[{"href":"https:\/\/interreg-sudoe.eu\/pt-pt\/wp-json\/wp\/v2\/noticia-proyecto\/71877","targetHints":{"allow":["GET"]}}],"collection":[{"href":"https:\/\/interreg-sudoe.eu\/pt-pt\/wp-json\/wp\/v2\/noticia-proyecto"}],"about":[{"href":"https:\/\/interreg-sudoe.eu\/pt-pt\/wp-json\/wp\/v2\/types\/noticia-proyecto"}],"author":[{"embeddable":true,"href":"https:\/\/interreg-sudoe.eu\/pt-pt\/wp-json\/wp\/v2\/users\/6528"}],"wp:featuredmedia":[{"embeddable":true,"href":"https:\/\/interreg-sudoe.eu\/pt-pt\/wp-json\/wp\/v2\/media\/71873"}],"wp:attachment":[{"href":"https:\/\/interreg-sudoe.eu\/pt-pt\/wp-json\/wp\/v2\/media?parent=71877"}],"curies":[{"name":"wp","href":"https:\/\/api.w.org\/{rel}","templated":true}]}}