{"id":71934,"date":"2026-09-02T10:16:52","date_gmt":"2026-09-02T08:16:52","guid":{"rendered":"https:\/\/interreg-sudoe.eu\/noticia-proyecto\/agrosol-sensibiliza-al-publico-sobre-los-retos-de-la-agrovoltaica-durante-una-jornada-de-puertas-abiertas-en-la-ferme-du-futur\/"},"modified":"2026-09-02T10:30:24","modified_gmt":"2026-09-02T08:30:24","slug":"agrosol-sensibiliza-al-publico-sobre-los-retos-de-la-agrovoltaica-durante-una-jornada-de-puertas-abiertas-en-la-ferme-du-futur","status":"publish","type":"noticia-proyecto","link":"https:\/\/interreg-sudoe.eu\/pt-pt\/noticia-proyecto\/agrosol-sensibiliza-al-publico-sobre-los-retos-de-la-agrovoltaica-durante-una-jornada-de-puertas-abiertas-en-la-ferme-du-futur\/","title":{"rendered":"AgroSOL sensibiliza o p\u00fablico para os desafios da agrivoltaica durante um dia de portas abertas na Ferme du Futur"},"content":{"rendered":"<p>Neste ver\u00e3o, o projeto europeu <strong>AgroSOL<\/strong> apostou na sensibiliza\u00e7\u00e3o do p\u00fablico para uma agrivoltaica \u00fatil e sustent\u00e1vel nos territ\u00f3rios rurais do Sudoeste Europeu, atrav\u00e9s de a\u00e7\u00f5es educativas que promovem a participa\u00e7\u00e3o dos cidad\u00e3os.<\/p>\n<p>Neste contexto, no <strong>dia 4 de julho de 2026 foi organizado um dia de portas abertas em Haut-Mauco (Fran\u00e7a)<\/strong>. Cerca de quinze pessoas tiveram a oportunidade de visitar o demonstrador agrivoltaico da <strong>Ferme du Futur<\/strong>, um local experimental integrado na rede de projetos-piloto criada no \u00e2mbito do projeto Interreg Sudoe.<\/p>\n<p>Organizada pela <strong>GLHD, Agrolandes e pelo coletivo de agricultores PATAV<\/strong>, respons\u00e1vel pelo projeto agrivoltaico Terr\u2019Arbouts, a visita permitiu aos participantes conhecer, em condi\u00e7\u00f5es reais, o funcionamento de uma parcela agr\u00edcola equipada com um sistema agrivoltaico.<\/p>\n<p>Quase metade dos participantes eram residentes nas imedia\u00e7\u00f5es do projeto-piloto, interessados em compreender melhor esta atividade presente no seu territ\u00f3rio. A jornada permitiu descobrir, de forma concreta, como a agrivoltaica possibilita combinar, no mesmo espa\u00e7o, uma dupla utiliza\u00e7\u00e3o: <strong>a produ\u00e7\u00e3o de energia renov\u00e1vel e uma produ\u00e7\u00e3o agr\u00edcola mais resiliente \u00e0s altera\u00e7\u00f5es clim\u00e1ticas<\/strong>.<\/p>\n<p>A equipa da GLHD e os agricultores da PATAV partilharam a sua <strong>experi\u00eancia no desenvolvimento de um projeto agrivoltaico em Fran\u00e7a<\/strong>, os primeiros ensinamentos retirados das <strong>tr\u00eas \u00e9pocas de produ\u00e7\u00e3o agr\u00edcola<\/strong> realizadas no projeto-piloto, bem como as vantagens agron\u00f3micas e energ\u00e9ticas desta solu\u00e7\u00e3o inovadora. Os interc\u00e2mbios permitiram tamb\u00e9m responder \u00e0s numerosas quest\u00f5es dos visitantes.<\/p>\n<figure style=\"width: 1024px\" class=\"wp-caption aligncenter\"><img fetchpriority=\"high\" decoding=\"async\" src=\"https:\/\/www.consorcioeder.es\/wp-content\/uploads\/2026\/09\/terre-abouts2.jpg\" alt=\"\" width=\"1024\" height=\"709\" \/><figcaption class=\"wp-caption-text\">Um processo de concerta\u00e7\u00e3o que d\u00e1 os seus frutos<\/figcaption><\/figure>\n<p>Este dia promoveu, assim, um di\u00e1logo aberto entre o promotor do projeto agrivoltaico, os agricultores locais e os cidad\u00e3os envolvidos no projeto Terr\u2019Arbouts. Uma din\u00e2mica indispens\u00e1vel para desenvolver projetos verdadeiramente adaptados \u00e0s necessidades e \u00e0s especificidades do territ\u00f3rio.<\/p>\n<p>A apropria\u00e7\u00e3o local do demonstrador ficou particularmente refletida nos resultados de um question\u00e1rio realizado junto dos participantes: <strong>100 % dos residentes inquiridos declaram atualmente apoiar o projeto-piloto agrivoltaico.<\/strong><\/p>\n<p>Entre as principais vantagens espontaneamente destacadas encontram-se <strong>a possibilidade de produzir energia sem renunciar \u00e0 atividade agr\u00edcola, a utiliza\u00e7\u00e3o eficiente dos solos e a coer\u00eancia do projeto com o car\u00e1ter agr\u00edcola do territ\u00f3rio<\/strong>. Os participantes manifestaram tamb\u00e9m interesse em continuar a envolver-se em futuras atividades organizadas em torno da instala\u00e7\u00e3o-piloto.<\/p>\n<p>A <strong>Ferme du Futur<\/strong> \u00e9 um dos cinco projetos-piloto selecionados no \u00e2mbito do AgroSOL, projeto cofinanciado pelo <strong>Fundo Europeu de Desenvolvimento Regional (FEDER)<\/strong> atrav\u00e9s do programa <strong>Interreg Sudoe 2021-2027<\/strong>. O seu objetivo \u00e9 promover um modelo de agrivoltaica sustent\u00e1vel, resiliente e adaptado \u00e0s pequenas e m\u00e9dias explora\u00e7\u00f5es agr\u00edcolas do espa\u00e7o SUDOE.<\/p>\n<p>Gra\u00e7as a estes demonstradores, o projeto avalia solu\u00e7\u00f5es inovadoras que permitem avan\u00e7ar na transi\u00e7\u00e3o energ\u00e9tica sem comprometer a produ\u00e7\u00e3o agr\u00edcola, promovendo simultaneamente a participa\u00e7\u00e3o dos agricultores, das administra\u00e7\u00f5es e dos cidad\u00e3os.<\/p>\n<p>Este tipo de iniciativas evidencia o papel dos projetos-piloto enquanto <strong>espa\u00e7os de aprendizagem, interc\u00e2mbio e demonstra\u00e7\u00e3o<\/strong>. Contribuem para criar confian\u00e7a, partilhar conhecimentos e dar a conhecer melhor o potencial da agrivoltaica como resposta aos desafios energ\u00e9ticos e agr\u00edcolas dos territ\u00f3rios rurais.<\/p>\n<p>Um desafio particularmente relevante depois de um ver\u00e3o marcado por epis\u00f3dios de calor extremo, seca e inc\u00eandios que recordam a crescente vulnerabilidade dos territ\u00f3rios europeus face \u00e0s altera\u00e7\u00f5es clim\u00e1ticas.<\/p>\n<p>Neste contexto, a agrivoltaica pode tamb\u00e9m contribuir para refor\u00e7ar a resili\u00eancia das explora\u00e7\u00f5es agr\u00edcolas e constituir <strong>uma ferramenta complementar de adapta\u00e7\u00e3o para uma agricultura cada vez mais exposta aos efeitos do stress clim\u00e1tico<\/strong>. Este \u00e9 precisamente um dos objetivos do AgroSOL: experimentar, avaliar e partilhar as condi\u00e7\u00f5es em que estas solu\u00e7\u00f5es podem responder de forma sustent\u00e1vel \u00e0s necessidades dos agricultores e dos territ\u00f3rios.<\/p>\n<p>\u00ab Projeto cofinanciado pelo Fundo Europeu de Desenvolvimento Regional (FEDER) atrav\u00e9s do Programa Interreg Sudoe 2021-2027 \u00bb<\/p>\n<p>&nbsp;<\/p>\n<figure style=\"width: 1024px\" class=\"wp-caption aligncenter\"><img decoding=\"async\" src=\"https:\/\/www.consorcioeder.es\/wp-content\/uploads\/2026\/09\/terre-abouts3.jpg\" alt=\"\" width=\"1024\" height=\"689\" \/><figcaption class=\"wp-caption-text\">O projeto-piloto tamb\u00e9m convence os seus pr\u00f3prios habitantes<\/figcaption><\/figure>\n","protected":false},"excerpt":{"rendered":"<p>AgroSOL sensibiliza o p\u00fablico para os desafios da agrivoltaica durante um dia de portas abertas na Ferme du Futur<\/p>\n","protected":false},"author":6654,"featured_media":71929,"parent":0,"template":"","meta":{"_acf_changed":false,"content-type":"","_monsterinsights_skip_tracking":false,"_members_access_role":[],"_members_access_error":""},"class_list":["post-71934","noticia-proyecto","type-noticia-proyecto","status-publish","has-post-thumbnail","hentry"],"acf":[],"yoast_head":"<!-- This site is optimized with the Yoast SEO plugin v28.3 - https:\/\/yoast.com\/product\/yoast-seo-wordpress\/ -->\n<title>AgroSOL sensibiliza o p\u00fablico para os desafios da agrivoltaica durante um dia de portas abertas na Ferme du Futur - Interreg Sudoe<\/title>\n<meta name=\"robots\" content=\"index, follow, max-snippet:-1, max-image-preview:large, max-video-preview:-1\" \/>\n<link rel=\"canonical\" href=\"https:\/\/interreg-sudoe.eu\/pt-pt\/noticia-proyecto\/agrosol-sensibiliza-al-publico-sobre-los-retos-de-la-agrovoltaica-durante-una-jornada-de-puertas-abiertas-en-la-ferme-du-futur\/\" \/>\n<meta property=\"og:locale\" content=\"pt_PT\" \/>\n<meta property=\"og:type\" content=\"article\" \/>\n<meta property=\"og:title\" content=\"AgroSOL sensibiliza o p\u00fablico para os desafios da agrivoltaica durante um dia de portas abertas na Ferme du Futur - Interreg Sudoe\" \/>\n<meta property=\"og:description\" content=\"AgroSOL sensibiliza o p\u00fablico para os desafios da agrivoltaica durante um dia de portas abertas na Ferme du Futur\" \/>\n<meta property=\"og:url\" content=\"https:\/\/interreg-sudoe.eu\/pt-pt\/noticia-proyecto\/agrosol-sensibiliza-al-publico-sobre-los-retos-de-la-agrovoltaica-durante-una-jornada-de-puertas-abiertas-en-la-ferme-du-futur\/\" \/>\n<meta property=\"og:site_name\" content=\"Interreg Sudoe\" \/>\n<meta property=\"article:publisher\" content=\"https:\/\/www.facebook.com\/interregsudoe\" \/>\n<meta property=\"article:modified_time\" content=\"2026-09-02T08:30:24+00:00\" \/>\n<meta property=\"og:image\" content=\"https:\/\/interreg-sudoe.eu\/wp-content\/uploads\/2026\/09\/terre-abouts.jpg\" \/>\n\t<meta property=\"og:image:width\" content=\"1024\" \/>\n\t<meta property=\"og:image:height\" content=\"654\" \/>\n\t<meta property=\"og:image:type\" content=\"image\/jpeg\" \/>\n<meta name=\"twitter:card\" content=\"summary_large_image\" \/>\n<meta name=\"twitter:site\" content=\"@Sudoe5\" \/>\n<meta name=\"twitter:label1\" content=\"Tempo estimado de leitura\" \/>\n\t<meta name=\"twitter:data1\" content=\"3 minutos\" \/>\n<script type=\"application\/ld+json\" class=\"yoast-schema-graph\">{\"@context\":\"https:\\\/\\\/schema.org\",\"@graph\":[{\"@type\":\"WebPage\",\"@id\":\"https:\\\/\\\/interreg-sudoe.eu\\\/pt-pt\\\/noticia-proyecto\\\/agrosol-sensibiliza-al-publico-sobre-los-retos-de-la-agrovoltaica-durante-una-jornada-de-puertas-abiertas-en-la-ferme-du-futur\\\/\",\"url\":\"https:\\\/\\\/interreg-sudoe.eu\\\/pt-pt\\\/noticia-proyecto\\\/agrosol-sensibiliza-al-publico-sobre-los-retos-de-la-agrovoltaica-durante-una-jornada-de-puertas-abiertas-en-la-ferme-du-futur\\\/\",\"name\":\"AgroSOL sensibiliza o p\u00fablico para os desafios da agrivoltaica durante um dia de portas abertas na Ferme du Futur - Interreg Sudoe\",\"isPartOf\":{\"@id\":\"https:\\\/\\\/interreg-sudoe.eu\\\/pt-pt\\\/#website\"},\"primaryImageOfPage\":{\"@id\":\"https:\\\/\\\/interreg-sudoe.eu\\\/pt-pt\\\/noticia-proyecto\\\/agrosol-sensibiliza-al-publico-sobre-los-retos-de-la-agrovoltaica-durante-una-jornada-de-puertas-abiertas-en-la-ferme-du-futur\\\/#primaryimage\"},\"image\":{\"@id\":\"https:\\\/\\\/interreg-sudoe.eu\\\/pt-pt\\\/noticia-proyecto\\\/agrosol-sensibiliza-al-publico-sobre-los-retos-de-la-agrovoltaica-durante-una-jornada-de-puertas-abiertas-en-la-ferme-du-futur\\\/#primaryimage\"},\"thumbnailUrl\":\"https:\\\/\\\/interreg-sudoe.eu\\\/wp-content\\\/uploads\\\/2026\\\/09\\\/terre-abouts.jpg\",\"datePublished\":\"2026-09-02T08:16:52+00:00\",\"dateModified\":\"2026-09-02T08:30:24+00:00\",\"breadcrumb\":{\"@id\":\"https:\\\/\\\/interreg-sudoe.eu\\\/pt-pt\\\/noticia-proyecto\\\/agrosol-sensibiliza-al-publico-sobre-los-retos-de-la-agrovoltaica-durante-una-jornada-de-puertas-abiertas-en-la-ferme-du-futur\\\/#breadcrumb\"},\"inLanguage\":\"pt-PT\",\"potentialAction\":[{\"@type\":\"ReadAction\",\"target\":[\"https:\\\/\\\/interreg-sudoe.eu\\\/pt-pt\\\/noticia-proyecto\\\/agrosol-sensibiliza-al-publico-sobre-los-retos-de-la-agrovoltaica-durante-una-jornada-de-puertas-abiertas-en-la-ferme-du-futur\\\/\"]}]},{\"@type\":\"ImageObject\",\"inLanguage\":\"pt-PT\",\"@id\":\"https:\\\/\\\/interreg-sudoe.eu\\\/pt-pt\\\/noticia-proyecto\\\/agrosol-sensibiliza-al-publico-sobre-los-retos-de-la-agrovoltaica-durante-una-jornada-de-puertas-abiertas-en-la-ferme-du-futur\\\/#primaryimage\",\"url\":\"https:\\\/\\\/interreg-sudoe.eu\\\/wp-content\\\/uploads\\\/2026\\\/09\\\/terre-abouts.jpg\",\"contentUrl\":\"https:\\\/\\\/interreg-sudoe.eu\\\/wp-content\\\/uploads\\\/2026\\\/09\\\/terre-abouts.jpg\",\"width\":1024,\"height\":654,\"caption\":\"terre abouts\"},{\"@type\":\"BreadcrumbList\",\"@id\":\"https:\\\/\\\/interreg-sudoe.eu\\\/pt-pt\\\/noticia-proyecto\\\/agrosol-sensibiliza-al-publico-sobre-los-retos-de-la-agrovoltaica-durante-una-jornada-de-puertas-abiertas-en-la-ferme-du-futur\\\/#breadcrumb\",\"itemListElement\":[{\"@type\":\"ListItem\",\"position\":1,\"name\":\"Home\",\"item\":\"https:\\\/\\\/interreg-sudoe.eu\\\/pt-pt\\\/\"},{\"@type\":\"ListItem\",\"position\":2,\"name\":\"AgroSOL sensibiliza o p\u00fablico para os desafios da agrivoltaica durante um dia de portas abertas na Ferme du Futur\"}]},{\"@type\":\"WebSite\",\"@id\":\"https:\\\/\\\/interreg-sudoe.eu\\\/pt-pt\\\/#website\",\"url\":\"https:\\\/\\\/interreg-sudoe.eu\\\/pt-pt\\\/\",\"name\":\"Interreg Sudoe\",\"description\":\"Interreg Sudoe\",\"publisher\":{\"@id\":\"https:\\\/\\\/interreg-sudoe.eu\\\/pt-pt\\\/#organization\"},\"alternateName\":\"Interreg Sudoe\",\"potentialAction\":[{\"@type\":\"SearchAction\",\"target\":{\"@type\":\"EntryPoint\",\"urlTemplate\":\"https:\\\/\\\/interreg-sudoe.eu\\\/pt-pt\\\/?s={search_term_string}\"},\"query-input\":{\"@type\":\"PropertyValueSpecification\",\"valueRequired\":true,\"valueName\":\"search_term_string\"}}],\"inLanguage\":\"pt-PT\"},{\"@type\":\"Organization\",\"@id\":\"https:\\\/\\\/interreg-sudoe.eu\\\/pt-pt\\\/#organization\",\"name\":\"Interreg Sudoe\",\"alternateName\":\"Interreg Sudoe\",\"url\":\"https:\\\/\\\/interreg-sudoe.eu\\\/pt-pt\\\/\",\"logo\":{\"@type\":\"ImageObject\",\"inLanguage\":\"pt-PT\",\"@id\":\"https:\\\/\\\/interreg-sudoe.eu\\\/pt-pt\\\/#\\\/schema\\\/logo\\\/image\\\/\",\"url\":\"https:\\\/\\\/interreg-sudoe.eu\\\/wp-content\\\/uploads\\\/2024\\\/03\\\/logo-interreg.png\",\"contentUrl\":\"https:\\\/\\\/interreg-sudoe.eu\\\/wp-content\\\/uploads\\\/2024\\\/03\\\/logo-interreg.png\",\"width\":1200,\"height\":675,\"caption\":\"Interreg Sudoe\"},\"image\":{\"@id\":\"https:\\\/\\\/interreg-sudoe.eu\\\/pt-pt\\\/#\\\/schema\\\/logo\\\/image\\\/\"},\"sameAs\":[\"https:\\\/\\\/www.facebook.com\\\/interregsudoe\",\"https:\\\/\\\/x.com\\\/Sudoe5\",\"https:\\\/\\\/www.youtube.com\\\/channel\\\/UCeGx2edoB32beRc9dbKA2vw\",\"https:\\\/\\\/www.linkedin.com\\\/company\\\/interreg-sudoe-programme\\\/\",\"https:\\\/\\\/www.flickr.com\\\/photos\\\/148704685@N06\\\/\"]}]}<\/script>\n<!-- \/ Yoast SEO plugin. -->","yoast_head_json":{"title":"AgroSOL sensibiliza o p\u00fablico para os desafios da agrivoltaica durante um dia de portas abertas na Ferme du Futur - Interreg Sudoe","robots":{"index":"index","follow":"follow","max-snippet":"max-snippet:-1","max-image-preview":"max-image-preview:large","max-video-preview":"max-video-preview:-1"},"canonical":"https:\/\/interreg-sudoe.eu\/pt-pt\/noticia-proyecto\/agrosol-sensibiliza-al-publico-sobre-los-retos-de-la-agrovoltaica-durante-una-jornada-de-puertas-abiertas-en-la-ferme-du-futur\/","og_locale":"pt_PT","og_type":"article","og_title":"AgroSOL sensibiliza o p\u00fablico para os desafios da agrivoltaica durante um dia de portas abertas na Ferme du Futur - Interreg Sudoe","og_description":"AgroSOL sensibiliza o p\u00fablico para os desafios da agrivoltaica durante um dia de portas abertas na Ferme du Futur","og_url":"https:\/\/interreg-sudoe.eu\/pt-pt\/noticia-proyecto\/agrosol-sensibiliza-al-publico-sobre-los-retos-de-la-agrovoltaica-durante-una-jornada-de-puertas-abiertas-en-la-ferme-du-futur\/","og_site_name":"Interreg Sudoe","article_publisher":"https:\/\/www.facebook.com\/interregsudoe","article_modified_time":"2026-09-02T08:30:24+00:00","og_image":[{"width":1024,"height":654,"url":"https:\/\/interreg-sudoe.eu\/wp-content\/uploads\/2026\/09\/terre-abouts.jpg","type":"image\/jpeg"}],"twitter_card":"summary_large_image","twitter_site":"@Sudoe5","twitter_misc":{"Tempo estimado de leitura":"3 minutos"},"schema":{"@context":"https:\/\/schema.org","@graph":[{"@type":"WebPage","@id":"https:\/\/interreg-sudoe.eu\/pt-pt\/noticia-proyecto\/agrosol-sensibiliza-al-publico-sobre-los-retos-de-la-agrovoltaica-durante-una-jornada-de-puertas-abiertas-en-la-ferme-du-futur\/","url":"https:\/\/interreg-sudoe.eu\/pt-pt\/noticia-proyecto\/agrosol-sensibiliza-al-publico-sobre-los-retos-de-la-agrovoltaica-durante-una-jornada-de-puertas-abiertas-en-la-ferme-du-futur\/","name":"AgroSOL sensibiliza o p\u00fablico para os desafios da agrivoltaica durante um dia de portas abertas na Ferme du Futur - Interreg Sudoe","isPartOf":{"@id":"https:\/\/interreg-sudoe.eu\/pt-pt\/#website"},"primaryImageOfPage":{"@id":"https:\/\/interreg-sudoe.eu\/pt-pt\/noticia-proyecto\/agrosol-sensibiliza-al-publico-sobre-los-retos-de-la-agrovoltaica-durante-una-jornada-de-puertas-abiertas-en-la-ferme-du-futur\/#primaryimage"},"image":{"@id":"https:\/\/interreg-sudoe.eu\/pt-pt\/noticia-proyecto\/agrosol-sensibiliza-al-publico-sobre-los-retos-de-la-agrovoltaica-durante-una-jornada-de-puertas-abiertas-en-la-ferme-du-futur\/#primaryimage"},"thumbnailUrl":"https:\/\/interreg-sudoe.eu\/wp-content\/uploads\/2026\/09\/terre-abouts.jpg","datePublished":"2026-09-02T08:16:52+00:00","dateModified":"2026-09-02T08:30:24+00:00","breadcrumb":{"@id":"https:\/\/interreg-sudoe.eu\/pt-pt\/noticia-proyecto\/agrosol-sensibiliza-al-publico-sobre-los-retos-de-la-agrovoltaica-durante-una-jornada-de-puertas-abiertas-en-la-ferme-du-futur\/#breadcrumb"},"inLanguage":"pt-PT","potentialAction":[{"@type":"ReadAction","target":["https:\/\/interreg-sudoe.eu\/pt-pt\/noticia-proyecto\/agrosol-sensibiliza-al-publico-sobre-los-retos-de-la-agrovoltaica-durante-una-jornada-de-puertas-abiertas-en-la-ferme-du-futur\/"]}]},{"@type":"ImageObject","inLanguage":"pt-PT","@id":"https:\/\/interreg-sudoe.eu\/pt-pt\/noticia-proyecto\/agrosol-sensibiliza-al-publico-sobre-los-retos-de-la-agrovoltaica-durante-una-jornada-de-puertas-abiertas-en-la-ferme-du-futur\/#primaryimage","url":"https:\/\/interreg-sudoe.eu\/wp-content\/uploads\/2026\/09\/terre-abouts.jpg","contentUrl":"https:\/\/interreg-sudoe.eu\/wp-content\/uploads\/2026\/09\/terre-abouts.jpg","width":1024,"height":654,"caption":"terre abouts"},{"@type":"BreadcrumbList","@id":"https:\/\/interreg-sudoe.eu\/pt-pt\/noticia-proyecto\/agrosol-sensibiliza-al-publico-sobre-los-retos-de-la-agrovoltaica-durante-una-jornada-de-puertas-abiertas-en-la-ferme-du-futur\/#breadcrumb","itemListElement":[{"@type":"ListItem","position":1,"name":"Home","item":"https:\/\/interreg-sudoe.eu\/pt-pt\/"},{"@type":"ListItem","position":2,"name":"AgroSOL sensibiliza o p\u00fablico para os desafios da agrivoltaica durante um dia de portas abertas na Ferme du Futur"}]},{"@type":"WebSite","@id":"https:\/\/interreg-sudoe.eu\/pt-pt\/#website","url":"https:\/\/interreg-sudoe.eu\/pt-pt\/","name":"Interreg Sudoe","description":"Interreg Sudoe","publisher":{"@id":"https:\/\/interreg-sudoe.eu\/pt-pt\/#organization"},"alternateName":"Interreg Sudoe","potentialAction":[{"@type":"SearchAction","target":{"@type":"EntryPoint","urlTemplate":"https:\/\/interreg-sudoe.eu\/pt-pt\/?s={search_term_string}"},"query-input":{"@type":"PropertyValueSpecification","valueRequired":true,"valueName":"search_term_string"}}],"inLanguage":"pt-PT"},{"@type":"Organization","@id":"https:\/\/interreg-sudoe.eu\/pt-pt\/#organization","name":"Interreg Sudoe","alternateName":"Interreg Sudoe","url":"https:\/\/interreg-sudoe.eu\/pt-pt\/","logo":{"@type":"ImageObject","inLanguage":"pt-PT","@id":"https:\/\/interreg-sudoe.eu\/pt-pt\/#\/schema\/logo\/image\/","url":"https:\/\/interreg-sudoe.eu\/wp-content\/uploads\/2024\/03\/logo-interreg.png","contentUrl":"https:\/\/interreg-sudoe.eu\/wp-content\/uploads\/2024\/03\/logo-interreg.png","width":1200,"height":675,"caption":"Interreg Sudoe"},"image":{"@id":"https:\/\/interreg-sudoe.eu\/pt-pt\/#\/schema\/logo\/image\/"},"sameAs":["https:\/\/www.facebook.com\/interregsudoe","https:\/\/x.com\/Sudoe5","https:\/\/www.youtube.com\/channel\/UCeGx2edoB32beRc9dbKA2vw","https:\/\/www.linkedin.com\/company\/interreg-sudoe-programme\/","https:\/\/www.flickr.com\/photos\/148704685@N06\/"]}]}},"_links":{"self":[{"href":"https:\/\/interreg-sudoe.eu\/pt-pt\/wp-json\/wp\/v2\/noticia-proyecto\/71934","targetHints":{"allow":["GET"]}}],"collection":[{"href":"https:\/\/interreg-sudoe.eu\/pt-pt\/wp-json\/wp\/v2\/noticia-proyecto"}],"about":[{"href":"https:\/\/interreg-sudoe.eu\/pt-pt\/wp-json\/wp\/v2\/types\/noticia-proyecto"}],"author":[{"embeddable":true,"href":"https:\/\/interreg-sudoe.eu\/pt-pt\/wp-json\/wp\/v2\/users\/6654"}],"wp:featuredmedia":[{"embeddable":true,"href":"https:\/\/interreg-sudoe.eu\/pt-pt\/wp-json\/wp\/v2\/media\/71929"}],"wp:attachment":[{"href":"https:\/\/interreg-sudoe.eu\/pt-pt\/wp-json\/wp\/v2\/media?parent=71934"}],"curies":[{"name":"wp","href":"https:\/\/api.w.org\/{rel}","templated":true}]}}