{"id":42109,"date":"2024-11-14T17:18:21","date_gmt":"2024-11-14T16:18:21","guid":{"rendered":"https:\/\/interreg-sudoe.eu\/un-seminario-clave-para-la-preparacion-de-las-candidaturas-en-la-segunda-fase\/sem-categoria\/"},"modified":"2026-02-12T13:25:35","modified_gmt":"2026-02-12T12:25:35","slug":"un-seminario-clave-para-la-preparacion-de-las-candidaturas-en-la-segunda-fase","status":"publish","type":"post","link":"https:\/\/interreg-sudoe.eu\/pt-pt\/un-seminario-clave-para-la-preparacion-de-las-candidaturas-en-la-segunda-fase\/sudoe-2021-2027-pt-pt\/","title":{"rendered":"Um semin\u00e1rio fundamental para a prepara\u00e7\u00e3o das candidaturas da segunda fase"},"content":{"rendered":"<p>Os representantes dos partenariados dos<strong> 85 projetos autorizados a passar \u00e0 segunda fase da segunda convocat\u00f3ria de projetos<\/strong> reuniram-se nos dias<strong> 12 e 13 de Novembro de 2024<\/strong> em Santander (Espanha).<\/p>\n<p>Durante estes dois intensos dias de interc\u00e2mbio e de aprendizagem, os participantes tiveram a oportunidade de:<\/p>\n<ul>\n<li>&#8211; Aprofundar o conhecimento sobre as exigencias da candidatura de projetos.<\/li>\n<li>&#8211; Debater com as autoridades do Programa Sudoe.<\/li>\n<li>&#8211; Melhorar o conte\u00fado das suas candidaturas para a sele\u00e7\u00e3o final.<\/li>\n<\/ul>\n<p>&nbsp;<\/p>\n<h3>N\u00e3o conseguiu asistir o gostaria de rever os conte\u00fados apresentados?<\/h3>\n<p>Pode encontrar todo o material de apoio e as aprensenta\u00e7\u00f5es utilizadas na sec\u00e7\u00e3o \u201c<a href=\"https:\/\/interreg-sudoe.eu\/pt-pt\/documentos-y-recursos\/\" target=\"_blank\" rel=\"noopener\">Documentos e recursos<\/a>\u201d da p\u00e1gina web.<\/p>\n<p><img fetchpriority=\"high\" decoding=\"async\" class=\"alignnone size-medium wp-image-42105\" src=\"https:\/\/interreg-sudoe.eu\/wp-content\/uploads\/2024\/11\/265-265-1-300x200.jpg\" alt=\"\" width=\"300\" height=\"200\" srcset=\"https:\/\/interreg-sudoe.eu\/wp-content\/uploads\/2024\/11\/265-265-1-300x200.jpg 300w, https:\/\/interreg-sudoe.eu\/wp-content\/uploads\/2024\/11\/265-265-1-1024x683.jpg 1024w, https:\/\/interreg-sudoe.eu\/wp-content\/uploads\/2024\/11\/265-265-1-768x512.jpg 768w, https:\/\/interreg-sudoe.eu\/wp-content\/uploads\/2024\/11\/265-265-1-1536x1024.jpg 1536w, https:\/\/interreg-sudoe.eu\/wp-content\/uploads\/2024\/11\/265-265-1-2048x1365.jpg 2048w\" sizes=\"(max-width: 300px) 100vw, 300px\" \/>\u00a0 \u00a0 \u00a0\u00a0 <img decoding=\"async\" class=\"alignnone size-medium wp-image-42102\" src=\"https:\/\/interreg-sudoe.eu\/wp-content\/uploads\/2024\/11\/203-203-300x200.jpg\" alt=\"\" width=\"300\" height=\"200\" srcset=\"https:\/\/interreg-sudoe.eu\/wp-content\/uploads\/2024\/11\/203-203-300x200.jpg 300w, https:\/\/interreg-sudoe.eu\/wp-content\/uploads\/2024\/11\/203-203-1024x683.jpg 1024w, https:\/\/interreg-sudoe.eu\/wp-content\/uploads\/2024\/11\/203-203-768x512.jpg 768w, https:\/\/interreg-sudoe.eu\/wp-content\/uploads\/2024\/11\/203-203-1536x1024.jpg 1536w, https:\/\/interreg-sudoe.eu\/wp-content\/uploads\/2024\/11\/203-203-2048x1365.jpg 2048w\" sizes=\"(max-width: 300px) 100vw, 300px\" \/>\u00a0 \u00a0 \u00a0\u00a0 <img decoding=\"async\" class=\"alignnone size-medium wp-image-42114\" src=\"https:\/\/interreg-sudoe.eu\/wp-content\/uploads\/2024\/11\/136-136-300x200.jpg\" alt=\"\" width=\"300\" height=\"200\" srcset=\"https:\/\/interreg-sudoe.eu\/wp-content\/uploads\/2024\/11\/136-136-300x200.jpg 300w, https:\/\/interreg-sudoe.eu\/wp-content\/uploads\/2024\/11\/136-136-1024x683.jpg 1024w, https:\/\/interreg-sudoe.eu\/wp-content\/uploads\/2024\/11\/136-136-768x512.jpg 768w, https:\/\/interreg-sudoe.eu\/wp-content\/uploads\/2024\/11\/136-136-1536x1024.jpg 1536w, https:\/\/interreg-sudoe.eu\/wp-content\/uploads\/2024\/11\/136-136-2048x1365.jpg 2048w\" sizes=\"(max-width: 300px) 100vw, 300px\" \/><\/p>\n","protected":false},"excerpt":{"rendered":"<p>Os representantes dos partenariados dos 85 projetos autorizados a passar \u00e0 segunda fase da segunda convocat\u00f3ria de projetos reuniram-se nos dias 12 e 13 de Novembro de 2024 em Santander (Espanha). Durante estes dois intensos dias de interc\u00e2mbio e de aprendizagem, os participantes tiveram a oportunidade de: &#8211; Aprofundar o conhecimento sobre as exigencias da [&hellip;]<\/p>\n","protected":false},"author":4333,"featured_media":43820,"comment_status":"closed","ping_status":"closed","sticky":false,"template":"","format":"standard","meta":{"_acf_changed":false,"content-type":"","_monsterinsights_skip_tracking":false,"_monsterinsights_sitenote_active":false,"_monsterinsights_sitenote_note":"","_monsterinsights_sitenote_category":0,"footnotes":""},"categories":[2862],"tags":[],"publicacion--inicio":[3166],"class_list":["post-42109","post","type-post","status-publish","format-standard","has-post-thumbnail","hentry","category-sudoe-2021-2027-pt-pt","publicacion--inicio-publicacion-inicio-pt-pt"],"acf":[],"yoast_head":"<!-- This site is optimized with the Yoast SEO plugin v27.2 - https:\/\/yoast.com\/product\/yoast-seo-wordpress\/ -->\n<title>Um semin\u00e1rio fundamental para a prepara\u00e7\u00e3o das candidaturas da segunda fase - Interreg Sudoe<\/title>\n<meta name=\"robots\" content=\"index, follow, max-snippet:-1, max-image-preview:large, max-video-preview:-1\" \/>\n<link rel=\"canonical\" href=\"https:\/\/interreg-sudoe.eu\/pt-pt\/un-seminario-clave-para-la-preparacion-de-las-candidaturas-en-la-segunda-fase\/sudoe-2021-2027-pt-pt\/\" \/>\n<meta property=\"og:locale\" content=\"pt_PT\" \/>\n<meta property=\"og:type\" content=\"article\" \/>\n<meta property=\"og:title\" content=\"Um semin\u00e1rio fundamental para a prepara\u00e7\u00e3o das candidaturas da segunda fase - Interreg Sudoe\" \/>\n<meta property=\"og:description\" content=\"Os representantes dos partenariados dos 85 projetos autorizados a passar \u00e0 segunda fase da segunda convocat\u00f3ria de projetos reuniram-se nos dias 12 e 13 de Novembro de 2024 em Santander (Espanha). Durante estes dois intensos dias de interc\u00e2mbio e de aprendizagem, os participantes tiveram a oportunidade de: &#8211; Aprofundar o conhecimento sobre as exigencias da [&hellip;]\" \/>\n<meta property=\"og:url\" content=\"https:\/\/interreg-sudoe.eu\/pt-pt\/un-seminario-clave-para-la-preparacion-de-las-candidaturas-en-la-segunda-fase\/sudoe-2021-2027-pt-pt\/\" \/>\n<meta property=\"og:site_name\" content=\"Interreg Sudoe\" \/>\n<meta property=\"article:publisher\" content=\"https:\/\/www.facebook.com\/interregsudoe\" \/>\n<meta property=\"article:published_time\" content=\"2024-11-14T16:18:21+00:00\" \/>\n<meta property=\"article:modified_time\" content=\"2026-02-12T12:25:35+00:00\" \/>\n<meta property=\"og:image\" content=\"https:\/\/interreg-sudoe.eu\/wp-content\/uploads\/2024\/11\/Interreg_Sudoe_News3.png\" \/>\n\t<meta property=\"og:image:width\" content=\"1120\" \/>\n\t<meta property=\"og:image:height\" content=\"660\" \/>\n\t<meta property=\"og:image:type\" content=\"image\/png\" \/>\n<meta name=\"author\" content=\"Contenidos\" \/>\n<meta name=\"twitter:card\" content=\"summary_large_image\" \/>\n<meta name=\"twitter:creator\" content=\"@Sudoe5\" \/>\n<meta name=\"twitter:site\" content=\"@Sudoe5\" \/>\n<meta name=\"twitter:label1\" content=\"Escrito por\" \/>\n\t<meta name=\"twitter:data1\" content=\"Contenidos\" \/>\n\t<meta name=\"twitter:label2\" content=\"Tempo estimado de leitura\" \/>\n\t<meta name=\"twitter:data2\" content=\"2 minutos\" \/>\n<script type=\"application\/ld+json\" class=\"yoast-schema-graph\">{\"@context\":\"https:\/\/schema.org\",\"@graph\":[{\"@type\":\"Article\",\"@id\":\"https:\/\/interreg-sudoe.eu\/pt-pt\/un-seminario-clave-para-la-preparacion-de-las-candidaturas-en-la-segunda-fase\/sudoe-2021-2027-pt-pt\/#article\",\"isPartOf\":{\"@id\":\"https:\/\/interreg-sudoe.eu\/pt-pt\/un-seminario-clave-para-la-preparacion-de-las-candidaturas-en-la-segunda-fase\/sudoe-2021-2027-pt-pt\/\"},\"author\":{\"name\":\"Contenidos\",\"@id\":\"https:\/\/interreg-sudoe.eu\/pt-pt\/#\/schema\/person\/97db9e89c11fdb84824dff5fec4c96d9\"},\"headline\":\"Um semin\u00e1rio fundamental para a prepara\u00e7\u00e3o das candidaturas da segunda fase\",\"datePublished\":\"2024-11-14T16:18:21+00:00\",\"dateModified\":\"2026-02-12T12:25:35+00:00\",\"mainEntityOfPage\":{\"@id\":\"https:\/\/interreg-sudoe.eu\/pt-pt\/un-seminario-clave-para-la-preparacion-de-las-candidaturas-en-la-segunda-fase\/sudoe-2021-2027-pt-pt\/\"},\"wordCount\":124,\"publisher\":{\"@id\":\"https:\/\/interreg-sudoe.eu\/pt-pt\/#organization\"},\"image\":{\"@id\":\"https:\/\/interreg-sudoe.eu\/pt-pt\/un-seminario-clave-para-la-preparacion-de-las-candidaturas-en-la-segunda-fase\/sudoe-2021-2027-pt-pt\/#primaryimage\"},\"thumbnailUrl\":\"https:\/\/interreg-sudoe.eu\/wp-content\/uploads\/2024\/11\/Interreg_Sudoe_News3.png\",\"articleSection\":[\"Sudoe 2021-2027\"],\"inLanguage\":\"pt-PT\"},{\"@type\":\"WebPage\",\"@id\":\"https:\/\/interreg-sudoe.eu\/pt-pt\/un-seminario-clave-para-la-preparacion-de-las-candidaturas-en-la-segunda-fase\/sudoe-2021-2027-pt-pt\/\",\"url\":\"https:\/\/interreg-sudoe.eu\/pt-pt\/un-seminario-clave-para-la-preparacion-de-las-candidaturas-en-la-segunda-fase\/sudoe-2021-2027-pt-pt\/\",\"name\":\"Um semin\u00e1rio fundamental para a prepara\u00e7\u00e3o das candidaturas da segunda fase - Interreg Sudoe\",\"isPartOf\":{\"@id\":\"https:\/\/interreg-sudoe.eu\/pt-pt\/#website\"},\"primaryImageOfPage\":{\"@id\":\"https:\/\/interreg-sudoe.eu\/pt-pt\/un-seminario-clave-para-la-preparacion-de-las-candidaturas-en-la-segunda-fase\/sudoe-2021-2027-pt-pt\/#primaryimage\"},\"image\":{\"@id\":\"https:\/\/interreg-sudoe.eu\/pt-pt\/un-seminario-clave-para-la-preparacion-de-las-candidaturas-en-la-segunda-fase\/sudoe-2021-2027-pt-pt\/#primaryimage\"},\"thumbnailUrl\":\"https:\/\/interreg-sudoe.eu\/wp-content\/uploads\/2024\/11\/Interreg_Sudoe_News3.png\",\"datePublished\":\"2024-11-14T16:18:21+00:00\",\"dateModified\":\"2026-02-12T12:25:35+00:00\",\"breadcrumb\":{\"@id\":\"https:\/\/interreg-sudoe.eu\/pt-pt\/un-seminario-clave-para-la-preparacion-de-las-candidaturas-en-la-segunda-fase\/sudoe-2021-2027-pt-pt\/#breadcrumb\"},\"inLanguage\":\"pt-PT\",\"potentialAction\":[{\"@type\":\"ReadAction\",\"target\":[\"https:\/\/interreg-sudoe.eu\/pt-pt\/un-seminario-clave-para-la-preparacion-de-las-candidaturas-en-la-segunda-fase\/sudoe-2021-2027-pt-pt\/\"]}]},{\"@type\":\"ImageObject\",\"inLanguage\":\"pt-PT\",\"@id\":\"https:\/\/interreg-sudoe.eu\/pt-pt\/un-seminario-clave-para-la-preparacion-de-las-candidaturas-en-la-segunda-fase\/sudoe-2021-2027-pt-pt\/#primaryimage\",\"url\":\"https:\/\/interreg-sudoe.eu\/wp-content\/uploads\/2024\/11\/Interreg_Sudoe_News3.png\",\"contentUrl\":\"https:\/\/interreg-sudoe.eu\/wp-content\/uploads\/2024\/11\/Interreg_Sudoe_News3.png\",\"width\":1120,\"height\":660},{\"@type\":\"BreadcrumbList\",\"@id\":\"https:\/\/interreg-sudoe.eu\/pt-pt\/un-seminario-clave-para-la-preparacion-de-las-candidaturas-en-la-segunda-fase\/sudoe-2021-2027-pt-pt\/#breadcrumb\",\"itemListElement\":[{\"@type\":\"ListItem\",\"position\":1,\"name\":\"Home\",\"item\":\"https:\/\/interreg-sudoe.eu\/pt-pt\/\"},{\"@type\":\"ListItem\",\"position\":2,\"name\":\"Um semin\u00e1rio fundamental para a prepara\u00e7\u00e3o das candidaturas da segunda fase\"}]},{\"@type\":\"WebSite\",\"@id\":\"https:\/\/interreg-sudoe.eu\/pt-pt\/#website\",\"url\":\"https:\/\/interreg-sudoe.eu\/pt-pt\/\",\"name\":\"Interreg Sudoe\",\"description\":\"Interreg Sudoe\",\"publisher\":{\"@id\":\"https:\/\/interreg-sudoe.eu\/pt-pt\/#organization\"},\"alternateName\":\"Interreg Sudoe\",\"potentialAction\":[{\"@type\":\"SearchAction\",\"target\":{\"@type\":\"EntryPoint\",\"urlTemplate\":\"https:\/\/interreg-sudoe.eu\/pt-pt\/?s={search_term_string}\"},\"query-input\":{\"@type\":\"PropertyValueSpecification\",\"valueRequired\":true,\"valueName\":\"search_term_string\"}}],\"inLanguage\":\"pt-PT\"},{\"@type\":\"Organization\",\"@id\":\"https:\/\/interreg-sudoe.eu\/pt-pt\/#organization\",\"name\":\"Interreg Sudoe\",\"alternateName\":\"Interreg Sudoe\",\"url\":\"https:\/\/interreg-sudoe.eu\/pt-pt\/\",\"logo\":{\"@type\":\"ImageObject\",\"inLanguage\":\"pt-PT\",\"@id\":\"https:\/\/interreg-sudoe.eu\/pt-pt\/#\/schema\/logo\/image\/\",\"url\":\"https:\/\/interreg-sudoe.eu\/wp-content\/uploads\/2024\/03\/logo-interreg.png\",\"contentUrl\":\"https:\/\/interreg-sudoe.eu\/wp-content\/uploads\/2024\/03\/logo-interreg.png\",\"width\":1200,\"height\":675,\"caption\":\"Interreg Sudoe\"},\"image\":{\"@id\":\"https:\/\/interreg-sudoe.eu\/pt-pt\/#\/schema\/logo\/image\/\"},\"sameAs\":[\"https:\/\/www.facebook.com\/interregsudoe\",\"https:\/\/x.com\/Sudoe5\",\"https:\/\/www.youtube.com\/channel\/UCeGx2edoB32beRc9dbKA2vw\",\"https:\/\/www.linkedin.com\/company\/interreg-sudoe-programme\/\",\"https:\/\/www.flickr.com\/photos\/148704685@N06\/\"]},{\"@type\":\"Person\",\"@id\":\"https:\/\/interreg-sudoe.eu\/pt-pt\/#\/schema\/person\/97db9e89c11fdb84824dff5fec4c96d9\",\"name\":\"Contenidos\",\"url\":\"https:\/\/interreg-sudoe.eu\/pt-pt\/author\/com1\/\"}]}<\/script>\n<!-- \/ Yoast SEO plugin. -->","yoast_head_json":{"title":"Um semin\u00e1rio fundamental para a prepara\u00e7\u00e3o das candidaturas da segunda fase - Interreg Sudoe","robots":{"index":"index","follow":"follow","max-snippet":"max-snippet:-1","max-image-preview":"max-image-preview:large","max-video-preview":"max-video-preview:-1"},"canonical":"https:\/\/interreg-sudoe.eu\/pt-pt\/un-seminario-clave-para-la-preparacion-de-las-candidaturas-en-la-segunda-fase\/sudoe-2021-2027-pt-pt\/","og_locale":"pt_PT","og_type":"article","og_title":"Um semin\u00e1rio fundamental para a prepara\u00e7\u00e3o das candidaturas da segunda fase - Interreg Sudoe","og_description":"Os representantes dos partenariados dos 85 projetos autorizados a passar \u00e0 segunda fase da segunda convocat\u00f3ria de projetos reuniram-se nos dias 12 e 13 de Novembro de 2024 em Santander (Espanha). Durante estes dois intensos dias de interc\u00e2mbio e de aprendizagem, os participantes tiveram a oportunidade de: &#8211; Aprofundar o conhecimento sobre as exigencias da [&hellip;]","og_url":"https:\/\/interreg-sudoe.eu\/pt-pt\/un-seminario-clave-para-la-preparacion-de-las-candidaturas-en-la-segunda-fase\/sudoe-2021-2027-pt-pt\/","og_site_name":"Interreg Sudoe","article_publisher":"https:\/\/www.facebook.com\/interregsudoe","article_published_time":"2024-11-14T16:18:21+00:00","article_modified_time":"2026-02-12T12:25:35+00:00","og_image":[{"width":1120,"height":660,"url":"https:\/\/interreg-sudoe.eu\/wp-content\/uploads\/2024\/11\/Interreg_Sudoe_News3.png","type":"image\/png"}],"author":"Contenidos","twitter_card":"summary_large_image","twitter_creator":"@Sudoe5","twitter_site":"@Sudoe5","twitter_misc":{"Escrito por":"Contenidos","Tempo estimado de leitura":"2 minutos"},"schema":{"@context":"https:\/\/schema.org","@graph":[{"@type":"Article","@id":"https:\/\/interreg-sudoe.eu\/pt-pt\/un-seminario-clave-para-la-preparacion-de-las-candidaturas-en-la-segunda-fase\/sudoe-2021-2027-pt-pt\/#article","isPartOf":{"@id":"https:\/\/interreg-sudoe.eu\/pt-pt\/un-seminario-clave-para-la-preparacion-de-las-candidaturas-en-la-segunda-fase\/sudoe-2021-2027-pt-pt\/"},"author":{"name":"Contenidos","@id":"https:\/\/interreg-sudoe.eu\/pt-pt\/#\/schema\/person\/97db9e89c11fdb84824dff5fec4c96d9"},"headline":"Um semin\u00e1rio fundamental para a prepara\u00e7\u00e3o das candidaturas da segunda fase","datePublished":"2024-11-14T16:18:21+00:00","dateModified":"2026-02-12T12:25:35+00:00","mainEntityOfPage":{"@id":"https:\/\/interreg-sudoe.eu\/pt-pt\/un-seminario-clave-para-la-preparacion-de-las-candidaturas-en-la-segunda-fase\/sudoe-2021-2027-pt-pt\/"},"wordCount":124,"publisher":{"@id":"https:\/\/interreg-sudoe.eu\/pt-pt\/#organization"},"image":{"@id":"https:\/\/interreg-sudoe.eu\/pt-pt\/un-seminario-clave-para-la-preparacion-de-las-candidaturas-en-la-segunda-fase\/sudoe-2021-2027-pt-pt\/#primaryimage"},"thumbnailUrl":"https:\/\/interreg-sudoe.eu\/wp-content\/uploads\/2024\/11\/Interreg_Sudoe_News3.png","articleSection":["Sudoe 2021-2027"],"inLanguage":"pt-PT"},{"@type":"WebPage","@id":"https:\/\/interreg-sudoe.eu\/pt-pt\/un-seminario-clave-para-la-preparacion-de-las-candidaturas-en-la-segunda-fase\/sudoe-2021-2027-pt-pt\/","url":"https:\/\/interreg-sudoe.eu\/pt-pt\/un-seminario-clave-para-la-preparacion-de-las-candidaturas-en-la-segunda-fase\/sudoe-2021-2027-pt-pt\/","name":"Um semin\u00e1rio fundamental para a prepara\u00e7\u00e3o das candidaturas da segunda fase - Interreg Sudoe","isPartOf":{"@id":"https:\/\/interreg-sudoe.eu\/pt-pt\/#website"},"primaryImageOfPage":{"@id":"https:\/\/interreg-sudoe.eu\/pt-pt\/un-seminario-clave-para-la-preparacion-de-las-candidaturas-en-la-segunda-fase\/sudoe-2021-2027-pt-pt\/#primaryimage"},"image":{"@id":"https:\/\/interreg-sudoe.eu\/pt-pt\/un-seminario-clave-para-la-preparacion-de-las-candidaturas-en-la-segunda-fase\/sudoe-2021-2027-pt-pt\/#primaryimage"},"thumbnailUrl":"https:\/\/interreg-sudoe.eu\/wp-content\/uploads\/2024\/11\/Interreg_Sudoe_News3.png","datePublished":"2024-11-14T16:18:21+00:00","dateModified":"2026-02-12T12:25:35+00:00","breadcrumb":{"@id":"https:\/\/interreg-sudoe.eu\/pt-pt\/un-seminario-clave-para-la-preparacion-de-las-candidaturas-en-la-segunda-fase\/sudoe-2021-2027-pt-pt\/#breadcrumb"},"inLanguage":"pt-PT","potentialAction":[{"@type":"ReadAction","target":["https:\/\/interreg-sudoe.eu\/pt-pt\/un-seminario-clave-para-la-preparacion-de-las-candidaturas-en-la-segunda-fase\/sudoe-2021-2027-pt-pt\/"]}]},{"@type":"ImageObject","inLanguage":"pt-PT","@id":"https:\/\/interreg-sudoe.eu\/pt-pt\/un-seminario-clave-para-la-preparacion-de-las-candidaturas-en-la-segunda-fase\/sudoe-2021-2027-pt-pt\/#primaryimage","url":"https:\/\/interreg-sudoe.eu\/wp-content\/uploads\/2024\/11\/Interreg_Sudoe_News3.png","contentUrl":"https:\/\/interreg-sudoe.eu\/wp-content\/uploads\/2024\/11\/Interreg_Sudoe_News3.png","width":1120,"height":660},{"@type":"BreadcrumbList","@id":"https:\/\/interreg-sudoe.eu\/pt-pt\/un-seminario-clave-para-la-preparacion-de-las-candidaturas-en-la-segunda-fase\/sudoe-2021-2027-pt-pt\/#breadcrumb","itemListElement":[{"@type":"ListItem","position":1,"name":"Home","item":"https:\/\/interreg-sudoe.eu\/pt-pt\/"},{"@type":"ListItem","position":2,"name":"Um semin\u00e1rio fundamental para a prepara\u00e7\u00e3o das candidaturas da segunda fase"}]},{"@type":"WebSite","@id":"https:\/\/interreg-sudoe.eu\/pt-pt\/#website","url":"https:\/\/interreg-sudoe.eu\/pt-pt\/","name":"Interreg Sudoe","description":"Interreg Sudoe","publisher":{"@id":"https:\/\/interreg-sudoe.eu\/pt-pt\/#organization"},"alternateName":"Interreg Sudoe","potentialAction":[{"@type":"SearchAction","target":{"@type":"EntryPoint","urlTemplate":"https:\/\/interreg-sudoe.eu\/pt-pt\/?s={search_term_string}"},"query-input":{"@type":"PropertyValueSpecification","valueRequired":true,"valueName":"search_term_string"}}],"inLanguage":"pt-PT"},{"@type":"Organization","@id":"https:\/\/interreg-sudoe.eu\/pt-pt\/#organization","name":"Interreg Sudoe","alternateName":"Interreg Sudoe","url":"https:\/\/interreg-sudoe.eu\/pt-pt\/","logo":{"@type":"ImageObject","inLanguage":"pt-PT","@id":"https:\/\/interreg-sudoe.eu\/pt-pt\/#\/schema\/logo\/image\/","url":"https:\/\/interreg-sudoe.eu\/wp-content\/uploads\/2024\/03\/logo-interreg.png","contentUrl":"https:\/\/interreg-sudoe.eu\/wp-content\/uploads\/2024\/03\/logo-interreg.png","width":1200,"height":675,"caption":"Interreg Sudoe"},"image":{"@id":"https:\/\/interreg-sudoe.eu\/pt-pt\/#\/schema\/logo\/image\/"},"sameAs":["https:\/\/www.facebook.com\/interregsudoe","https:\/\/x.com\/Sudoe5","https:\/\/www.youtube.com\/channel\/UCeGx2edoB32beRc9dbKA2vw","https:\/\/www.linkedin.com\/company\/interreg-sudoe-programme\/","https:\/\/www.flickr.com\/photos\/148704685@N06\/"]},{"@type":"Person","@id":"https:\/\/interreg-sudoe.eu\/pt-pt\/#\/schema\/person\/97db9e89c11fdb84824dff5fec4c96d9","name":"Contenidos","url":"https:\/\/interreg-sudoe.eu\/pt-pt\/author\/com1\/"}]}},"_links":{"self":[{"href":"https:\/\/interreg-sudoe.eu\/pt-pt\/wp-json\/wp\/v2\/posts\/42109","targetHints":{"allow":["GET"]}}],"collection":[{"href":"https:\/\/interreg-sudoe.eu\/pt-pt\/wp-json\/wp\/v2\/posts"}],"about":[{"href":"https:\/\/interreg-sudoe.eu\/pt-pt\/wp-json\/wp\/v2\/types\/post"}],"author":[{"embeddable":true,"href":"https:\/\/interreg-sudoe.eu\/pt-pt\/wp-json\/wp\/v2\/users\/4333"}],"replies":[{"embeddable":true,"href":"https:\/\/interreg-sudoe.eu\/pt-pt\/wp-json\/wp\/v2\/comments?post=42109"}],"version-history":[{"count":2,"href":"https:\/\/interreg-sudoe.eu\/pt-pt\/wp-json\/wp\/v2\/posts\/42109\/revisions"}],"predecessor-version":[{"id":60845,"href":"https:\/\/interreg-sudoe.eu\/pt-pt\/wp-json\/wp\/v2\/posts\/42109\/revisions\/60845"}],"wp:featuredmedia":[{"embeddable":true,"href":"https:\/\/interreg-sudoe.eu\/pt-pt\/wp-json\/wp\/v2\/media\/43820"}],"wp:attachment":[{"href":"https:\/\/interreg-sudoe.eu\/pt-pt\/wp-json\/wp\/v2\/media?parent=42109"}],"wp:term":[{"taxonomy":"category","embeddable":true,"href":"https:\/\/interreg-sudoe.eu\/pt-pt\/wp-json\/wp\/v2\/categories?post=42109"},{"taxonomy":"post_tag","embeddable":true,"href":"https:\/\/interreg-sudoe.eu\/pt-pt\/wp-json\/wp\/v2\/tags?post=42109"},{"taxonomy":"publicacion--inicio","embeddable":true,"href":"https:\/\/interreg-sudoe.eu\/pt-pt\/wp-json\/wp\/v2\/publicacion--inicio?post=42109"}],"curies":[{"name":"wp","href":"https:\/\/api.w.org\/{rel}","templated":true}]}}