{"id":43845,"date":"2024-12-20T13:45:24","date_gmt":"2024-12-20T12:45:24","guid":{"rendered":"https:\/\/interreg-sudoe.eu\/licitacion-espon-analisis-de-los-programas-interreg-transnacionales-post-2027\/sem-categoria\/"},"modified":"2026-02-12T13:26:00","modified_gmt":"2026-02-12T12:26:00","slug":"licitacion-espon-analisis-de-los-programas-interreg-transnacionales-post-2027","status":"publish","type":"post","link":"https:\/\/interreg-sudoe.eu\/pt-pt\/licitacion-espon-analisis-de-los-programas-interreg-transnacionales-post-2027\/sudoe-2021-2027-pt-pt\/","title":{"rendered":"Concurso ESPON: An\u00e1lise dos programas transnacionais Interreg p\u00f3s-2027"},"content":{"rendered":"<p>O programa ESPON est\u00e1 a lan\u00e7ar um importante concurso para analisar as necessidades e oportunidades dos futuros programas transnacionais de coopera\u00e7\u00e3o Interreg. Este estudo estrat\u00e9gico, com um or\u00e7amento de 450 000 euros, ajudar\u00e1 a definir as orienta\u00e7\u00f5es da coopera\u00e7\u00e3o transnacional para o per\u00edodo p\u00f3s-2027.<\/p>\n<p>&nbsp;<\/p>\n<h2><strong>Este concurso representa uma oportunidade significativa para os peritos em desenvolvimento territorial e coopera\u00e7\u00e3o transnacional contribu\u00edrem para o futuro dos programas Interreg.<\/strong><\/h2>\n<p><strong>\u00a0<\/strong><\/p>\n<p><strong>Objetivos do projeto<\/strong><\/p>\n<p>O concurso visa programar um projeto que produzir\u00e1 an\u00e1lises baseadas em evid\u00eancias que informar\u00e3o as discuss\u00f5es sobre objetivos estrat\u00e9gicos e prioridades para a coopera\u00e7\u00e3o transnacional p\u00f3s-2027. Os resultados servir\u00e3o de base comum de conhecimentos para:<\/p>\n<ul>\n<li>&#8211; Autoridades respons\u00e1veis pelo programa, para al\u00e9m das suas pr\u00f3prias an\u00e1lises territoriais<\/li>\n<li>&#8211; A Comiss\u00e3o Europeia, tendo em vista o pr\u00f3ximo per\u00edodo de programa\u00e7\u00e3o<\/li>\n<li>&#8211; O estudo abranger\u00e1 todas as 13 \u00e1reas geogr\u00e1ficas dos programas transnacionais Interreg definidas para o per\u00edodo de 2021-2027.<\/li>\n<\/ul>\n<p>&nbsp;<\/p>\n<p><strong>Informa\u00e7\u00f5es essenciais<\/strong><\/p>\n<ul>\n<li>&#8211; Or\u00e7amento: \u20ac450,000<\/li>\n<li>&#8211; Prazo de submiss\u00e3o: 23 de janeiro de 2025 \u00e0s 15:00 CET<\/li>\n<\/ul>\n<p><strong>\u00a0<\/strong><\/p>\n<p><strong>Consulte a publica\u00e7\u00e3o do convite \u00e0 apresenta\u00e7\u00e3o de propostas no s\u00edtio Web do programa ESPON: <\/strong><a href=\"https:\/\/www.espon.eu\/engage\/procurements\/tncoop-interreg-transnational-programmes-needs-and-opportunities-future\">https:\/\/www.espon.eu\/engage\/procurements\/tncoop-interreg-transnational-programmes-needs-and-opportunities-future<\/a><\/p>\n","protected":false},"excerpt":{"rendered":"<p>O programa ESPON est\u00e1 a lan\u00e7ar um importante concurso para analisar as necessidades e oportunidades dos futuros programas transnacionais de coopera\u00e7\u00e3o Interreg. Este estudo estrat\u00e9gico, com um or\u00e7amento de 450 000 euros, ajudar\u00e1 a definir as orienta\u00e7\u00f5es da coopera\u00e7\u00e3o transnacional para o per\u00edodo p\u00f3s-2027. &nbsp; Este concurso representa uma oportunidade significativa para os peritos em [&hellip;]<\/p>\n","protected":false},"author":4333,"featured_media":43839,"comment_status":"closed","ping_status":"closed","sticky":false,"template":"","format":"standard","meta":{"_acf_changed":false,"content-type":"","_monsterinsights_skip_tracking":false,"_monsterinsights_sitenote_active":false,"_monsterinsights_sitenote_note":"","_monsterinsights_sitenote_category":0,"footnotes":""},"categories":[1925,2862],"tags":[],"publicacion--inicio":[3166],"class_list":["post-43845","post","type-post","status-publish","format-standard","has-post-thumbnail","hentry","category-geral","category-sudoe-2021-2027-pt-pt","publicacion--inicio-publicacion-inicio-pt-pt"],"acf":[],"yoast_head":"<!-- This site is optimized with the Yoast SEO plugin v27.4 - https:\/\/yoast.com\/product\/yoast-seo-wordpress\/ -->\n<title>Concurso ESPON: An\u00e1lise dos programas transnacionais Interreg p\u00f3s-2027 - Interreg Sudoe<\/title>\n<meta name=\"robots\" content=\"index, follow, max-snippet:-1, max-image-preview:large, max-video-preview:-1\" \/>\n<link rel=\"canonical\" href=\"https:\/\/interreg-sudoe.eu\/pt-pt\/licitacion-espon-analisis-de-los-programas-interreg-transnacionales-post-2027\/sudoe-2021-2027-pt-pt\/\" \/>\n<meta property=\"og:locale\" content=\"pt_PT\" \/>\n<meta property=\"og:type\" content=\"article\" \/>\n<meta property=\"og:title\" content=\"Concurso ESPON: An\u00e1lise dos programas transnacionais Interreg p\u00f3s-2027 - Interreg Sudoe\" \/>\n<meta property=\"og:description\" content=\"O programa ESPON est\u00e1 a lan\u00e7ar um importante concurso para analisar as necessidades e oportunidades dos futuros programas transnacionais de coopera\u00e7\u00e3o Interreg. Este estudo estrat\u00e9gico, com um or\u00e7amento de 450 000 euros, ajudar\u00e1 a definir as orienta\u00e7\u00f5es da coopera\u00e7\u00e3o transnacional para o per\u00edodo p\u00f3s-2027. &nbsp; Este concurso representa uma oportunidade significativa para os peritos em [&hellip;]\" \/>\n<meta property=\"og:url\" content=\"https:\/\/interreg-sudoe.eu\/pt-pt\/licitacion-espon-analisis-de-los-programas-interreg-transnacionales-post-2027\/sudoe-2021-2027-pt-pt\/\" \/>\n<meta property=\"og:site_name\" content=\"Interreg Sudoe\" \/>\n<meta property=\"article:publisher\" content=\"https:\/\/www.facebook.com\/interregsudoe\" \/>\n<meta property=\"article:published_time\" content=\"2024-12-20T12:45:24+00:00\" \/>\n<meta property=\"article:modified_time\" content=\"2026-02-12T12:26:00+00:00\" \/>\n<meta property=\"og:image\" content=\"https:\/\/interreg-sudoe.eu\/wp-content\/uploads\/2024\/12\/ESPON_Sudoe1.png\" \/>\n\t<meta property=\"og:image:width\" content=\"1120\" \/>\n\t<meta property=\"og:image:height\" content=\"660\" \/>\n\t<meta property=\"og:image:type\" content=\"image\/png\" \/>\n<meta name=\"author\" content=\"Contenidos\" \/>\n<meta name=\"twitter:card\" content=\"summary_large_image\" \/>\n<meta name=\"twitter:creator\" content=\"@Sudoe5\" \/>\n<meta name=\"twitter:site\" content=\"@Sudoe5\" \/>\n<meta name=\"twitter:label1\" content=\"Escrito por\" \/>\n\t<meta name=\"twitter:data1\" content=\"Contenidos\" \/>\n\t<meta name=\"twitter:label2\" content=\"Tempo estimado de leitura\" \/>\n\t<meta name=\"twitter:data2\" content=\"2 minutos\" \/>\n<script type=\"application\/ld+json\" class=\"yoast-schema-graph\">{\"@context\":\"https:\\\/\\\/schema.org\",\"@graph\":[{\"@type\":\"Article\",\"@id\":\"https:\\\/\\\/interreg-sudoe.eu\\\/pt-pt\\\/licitacion-espon-analisis-de-los-programas-interreg-transnacionales-post-2027\\\/sudoe-2021-2027-pt-pt\\\/#article\",\"isPartOf\":{\"@id\":\"https:\\\/\\\/interreg-sudoe.eu\\\/pt-pt\\\/licitacion-espon-analisis-de-los-programas-interreg-transnacionales-post-2027\\\/sudoe-2021-2027-pt-pt\\\/\"},\"author\":{\"name\":\"Contenidos\",\"@id\":\"https:\\\/\\\/interreg-sudoe.eu\\\/pt-pt\\\/#\\\/schema\\\/person\\\/97db9e89c11fdb84824dff5fec4c96d9\"},\"headline\":\"Concurso ESPON: An\u00e1lise dos programas transnacionais Interreg p\u00f3s-2027\",\"datePublished\":\"2024-12-20T12:45:24+00:00\",\"dateModified\":\"2026-02-12T12:26:00+00:00\",\"mainEntityOfPage\":{\"@id\":\"https:\\\/\\\/interreg-sudoe.eu\\\/pt-pt\\\/licitacion-espon-analisis-de-los-programas-interreg-transnacionales-post-2027\\\/sudoe-2021-2027-pt-pt\\\/\"},\"wordCount\":224,\"publisher\":{\"@id\":\"https:\\\/\\\/interreg-sudoe.eu\\\/pt-pt\\\/#organization\"},\"image\":{\"@id\":\"https:\\\/\\\/interreg-sudoe.eu\\\/pt-pt\\\/licitacion-espon-analisis-de-los-programas-interreg-transnacionales-post-2027\\\/sudoe-2021-2027-pt-pt\\\/#primaryimage\"},\"thumbnailUrl\":\"https:\\\/\\\/interreg-sudoe.eu\\\/wp-content\\\/uploads\\\/2024\\\/12\\\/ESPON_Sudoe1.png\",\"articleSection\":[\"Geral\",\"Sudoe 2021-2027\"],\"inLanguage\":\"pt-PT\"},{\"@type\":\"WebPage\",\"@id\":\"https:\\\/\\\/interreg-sudoe.eu\\\/pt-pt\\\/licitacion-espon-analisis-de-los-programas-interreg-transnacionales-post-2027\\\/sudoe-2021-2027-pt-pt\\\/\",\"url\":\"https:\\\/\\\/interreg-sudoe.eu\\\/pt-pt\\\/licitacion-espon-analisis-de-los-programas-interreg-transnacionales-post-2027\\\/sudoe-2021-2027-pt-pt\\\/\",\"name\":\"Concurso ESPON: An\u00e1lise dos programas transnacionais Interreg p\u00f3s-2027 - Interreg Sudoe\",\"isPartOf\":{\"@id\":\"https:\\\/\\\/interreg-sudoe.eu\\\/pt-pt\\\/#website\"},\"primaryImageOfPage\":{\"@id\":\"https:\\\/\\\/interreg-sudoe.eu\\\/pt-pt\\\/licitacion-espon-analisis-de-los-programas-interreg-transnacionales-post-2027\\\/sudoe-2021-2027-pt-pt\\\/#primaryimage\"},\"image\":{\"@id\":\"https:\\\/\\\/interreg-sudoe.eu\\\/pt-pt\\\/licitacion-espon-analisis-de-los-programas-interreg-transnacionales-post-2027\\\/sudoe-2021-2027-pt-pt\\\/#primaryimage\"},\"thumbnailUrl\":\"https:\\\/\\\/interreg-sudoe.eu\\\/wp-content\\\/uploads\\\/2024\\\/12\\\/ESPON_Sudoe1.png\",\"datePublished\":\"2024-12-20T12:45:24+00:00\",\"dateModified\":\"2026-02-12T12:26:00+00:00\",\"breadcrumb\":{\"@id\":\"https:\\\/\\\/interreg-sudoe.eu\\\/pt-pt\\\/licitacion-espon-analisis-de-los-programas-interreg-transnacionales-post-2027\\\/sudoe-2021-2027-pt-pt\\\/#breadcrumb\"},\"inLanguage\":\"pt-PT\",\"potentialAction\":[{\"@type\":\"ReadAction\",\"target\":[\"https:\\\/\\\/interreg-sudoe.eu\\\/pt-pt\\\/licitacion-espon-analisis-de-los-programas-interreg-transnacionales-post-2027\\\/sudoe-2021-2027-pt-pt\\\/\"]}]},{\"@type\":\"ImageObject\",\"inLanguage\":\"pt-PT\",\"@id\":\"https:\\\/\\\/interreg-sudoe.eu\\\/pt-pt\\\/licitacion-espon-analisis-de-los-programas-interreg-transnacionales-post-2027\\\/sudoe-2021-2027-pt-pt\\\/#primaryimage\",\"url\":\"https:\\\/\\\/interreg-sudoe.eu\\\/wp-content\\\/uploads\\\/2024\\\/12\\\/ESPON_Sudoe1.png\",\"contentUrl\":\"https:\\\/\\\/interreg-sudoe.eu\\\/wp-content\\\/uploads\\\/2024\\\/12\\\/ESPON_Sudoe1.png\",\"width\":1120,\"height\":660},{\"@type\":\"BreadcrumbList\",\"@id\":\"https:\\\/\\\/interreg-sudoe.eu\\\/pt-pt\\\/licitacion-espon-analisis-de-los-programas-interreg-transnacionales-post-2027\\\/sudoe-2021-2027-pt-pt\\\/#breadcrumb\",\"itemListElement\":[{\"@type\":\"ListItem\",\"position\":1,\"name\":\"Home\",\"item\":\"https:\\\/\\\/interreg-sudoe.eu\\\/pt-pt\\\/\"},{\"@type\":\"ListItem\",\"position\":2,\"name\":\"Concurso ESPON: An\u00e1lise dos programas transnacionais Interreg p\u00f3s-2027\"}]},{\"@type\":\"WebSite\",\"@id\":\"https:\\\/\\\/interreg-sudoe.eu\\\/pt-pt\\\/#website\",\"url\":\"https:\\\/\\\/interreg-sudoe.eu\\\/pt-pt\\\/\",\"name\":\"Interreg Sudoe\",\"description\":\"Interreg Sudoe\",\"publisher\":{\"@id\":\"https:\\\/\\\/interreg-sudoe.eu\\\/pt-pt\\\/#organization\"},\"alternateName\":\"Interreg Sudoe\",\"potentialAction\":[{\"@type\":\"SearchAction\",\"target\":{\"@type\":\"EntryPoint\",\"urlTemplate\":\"https:\\\/\\\/interreg-sudoe.eu\\\/pt-pt\\\/?s={search_term_string}\"},\"query-input\":{\"@type\":\"PropertyValueSpecification\",\"valueRequired\":true,\"valueName\":\"search_term_string\"}}],\"inLanguage\":\"pt-PT\"},{\"@type\":\"Organization\",\"@id\":\"https:\\\/\\\/interreg-sudoe.eu\\\/pt-pt\\\/#organization\",\"name\":\"Interreg Sudoe\",\"alternateName\":\"Interreg Sudoe\",\"url\":\"https:\\\/\\\/interreg-sudoe.eu\\\/pt-pt\\\/\",\"logo\":{\"@type\":\"ImageObject\",\"inLanguage\":\"pt-PT\",\"@id\":\"https:\\\/\\\/interreg-sudoe.eu\\\/pt-pt\\\/#\\\/schema\\\/logo\\\/image\\\/\",\"url\":\"https:\\\/\\\/interreg-sudoe.eu\\\/wp-content\\\/uploads\\\/2024\\\/03\\\/logo-interreg.png\",\"contentUrl\":\"https:\\\/\\\/interreg-sudoe.eu\\\/wp-content\\\/uploads\\\/2024\\\/03\\\/logo-interreg.png\",\"width\":1200,\"height\":675,\"caption\":\"Interreg Sudoe\"},\"image\":{\"@id\":\"https:\\\/\\\/interreg-sudoe.eu\\\/pt-pt\\\/#\\\/schema\\\/logo\\\/image\\\/\"},\"sameAs\":[\"https:\\\/\\\/www.facebook.com\\\/interregsudoe\",\"https:\\\/\\\/x.com\\\/Sudoe5\",\"https:\\\/\\\/www.youtube.com\\\/channel\\\/UCeGx2edoB32beRc9dbKA2vw\",\"https:\\\/\\\/www.linkedin.com\\\/company\\\/interreg-sudoe-programme\\\/\",\"https:\\\/\\\/www.flickr.com\\\/photos\\\/148704685@N06\\\/\"]},{\"@type\":\"Person\",\"@id\":\"https:\\\/\\\/interreg-sudoe.eu\\\/pt-pt\\\/#\\\/schema\\\/person\\\/97db9e89c11fdb84824dff5fec4c96d9\",\"name\":\"Contenidos\",\"url\":\"https:\\\/\\\/interreg-sudoe.eu\\\/pt-pt\\\/author\\\/com1\\\/\"}]}<\/script>\n<!-- \/ Yoast SEO plugin. -->","yoast_head_json":{"title":"Concurso ESPON: An\u00e1lise dos programas transnacionais Interreg p\u00f3s-2027 - Interreg Sudoe","robots":{"index":"index","follow":"follow","max-snippet":"max-snippet:-1","max-image-preview":"max-image-preview:large","max-video-preview":"max-video-preview:-1"},"canonical":"https:\/\/interreg-sudoe.eu\/pt-pt\/licitacion-espon-analisis-de-los-programas-interreg-transnacionales-post-2027\/sudoe-2021-2027-pt-pt\/","og_locale":"pt_PT","og_type":"article","og_title":"Concurso ESPON: An\u00e1lise dos programas transnacionais Interreg p\u00f3s-2027 - Interreg Sudoe","og_description":"O programa ESPON est\u00e1 a lan\u00e7ar um importante concurso para analisar as necessidades e oportunidades dos futuros programas transnacionais de coopera\u00e7\u00e3o Interreg. Este estudo estrat\u00e9gico, com um or\u00e7amento de 450 000 euros, ajudar\u00e1 a definir as orienta\u00e7\u00f5es da coopera\u00e7\u00e3o transnacional para o per\u00edodo p\u00f3s-2027. &nbsp; Este concurso representa uma oportunidade significativa para os peritos em [&hellip;]","og_url":"https:\/\/interreg-sudoe.eu\/pt-pt\/licitacion-espon-analisis-de-los-programas-interreg-transnacionales-post-2027\/sudoe-2021-2027-pt-pt\/","og_site_name":"Interreg Sudoe","article_publisher":"https:\/\/www.facebook.com\/interregsudoe","article_published_time":"2024-12-20T12:45:24+00:00","article_modified_time":"2026-02-12T12:26:00+00:00","og_image":[{"width":1120,"height":660,"url":"https:\/\/interreg-sudoe.eu\/wp-content\/uploads\/2024\/12\/ESPON_Sudoe1.png","type":"image\/png"}],"author":"Contenidos","twitter_card":"summary_large_image","twitter_creator":"@Sudoe5","twitter_site":"@Sudoe5","twitter_misc":{"Escrito por":"Contenidos","Tempo estimado de leitura":"2 minutos"},"schema":{"@context":"https:\/\/schema.org","@graph":[{"@type":"Article","@id":"https:\/\/interreg-sudoe.eu\/pt-pt\/licitacion-espon-analisis-de-los-programas-interreg-transnacionales-post-2027\/sudoe-2021-2027-pt-pt\/#article","isPartOf":{"@id":"https:\/\/interreg-sudoe.eu\/pt-pt\/licitacion-espon-analisis-de-los-programas-interreg-transnacionales-post-2027\/sudoe-2021-2027-pt-pt\/"},"author":{"name":"Contenidos","@id":"https:\/\/interreg-sudoe.eu\/pt-pt\/#\/schema\/person\/97db9e89c11fdb84824dff5fec4c96d9"},"headline":"Concurso ESPON: An\u00e1lise dos programas transnacionais Interreg p\u00f3s-2027","datePublished":"2024-12-20T12:45:24+00:00","dateModified":"2026-02-12T12:26:00+00:00","mainEntityOfPage":{"@id":"https:\/\/interreg-sudoe.eu\/pt-pt\/licitacion-espon-analisis-de-los-programas-interreg-transnacionales-post-2027\/sudoe-2021-2027-pt-pt\/"},"wordCount":224,"publisher":{"@id":"https:\/\/interreg-sudoe.eu\/pt-pt\/#organization"},"image":{"@id":"https:\/\/interreg-sudoe.eu\/pt-pt\/licitacion-espon-analisis-de-los-programas-interreg-transnacionales-post-2027\/sudoe-2021-2027-pt-pt\/#primaryimage"},"thumbnailUrl":"https:\/\/interreg-sudoe.eu\/wp-content\/uploads\/2024\/12\/ESPON_Sudoe1.png","articleSection":["Geral","Sudoe 2021-2027"],"inLanguage":"pt-PT"},{"@type":"WebPage","@id":"https:\/\/interreg-sudoe.eu\/pt-pt\/licitacion-espon-analisis-de-los-programas-interreg-transnacionales-post-2027\/sudoe-2021-2027-pt-pt\/","url":"https:\/\/interreg-sudoe.eu\/pt-pt\/licitacion-espon-analisis-de-los-programas-interreg-transnacionales-post-2027\/sudoe-2021-2027-pt-pt\/","name":"Concurso ESPON: An\u00e1lise dos programas transnacionais Interreg p\u00f3s-2027 - Interreg Sudoe","isPartOf":{"@id":"https:\/\/interreg-sudoe.eu\/pt-pt\/#website"},"primaryImageOfPage":{"@id":"https:\/\/interreg-sudoe.eu\/pt-pt\/licitacion-espon-analisis-de-los-programas-interreg-transnacionales-post-2027\/sudoe-2021-2027-pt-pt\/#primaryimage"},"image":{"@id":"https:\/\/interreg-sudoe.eu\/pt-pt\/licitacion-espon-analisis-de-los-programas-interreg-transnacionales-post-2027\/sudoe-2021-2027-pt-pt\/#primaryimage"},"thumbnailUrl":"https:\/\/interreg-sudoe.eu\/wp-content\/uploads\/2024\/12\/ESPON_Sudoe1.png","datePublished":"2024-12-20T12:45:24+00:00","dateModified":"2026-02-12T12:26:00+00:00","breadcrumb":{"@id":"https:\/\/interreg-sudoe.eu\/pt-pt\/licitacion-espon-analisis-de-los-programas-interreg-transnacionales-post-2027\/sudoe-2021-2027-pt-pt\/#breadcrumb"},"inLanguage":"pt-PT","potentialAction":[{"@type":"ReadAction","target":["https:\/\/interreg-sudoe.eu\/pt-pt\/licitacion-espon-analisis-de-los-programas-interreg-transnacionales-post-2027\/sudoe-2021-2027-pt-pt\/"]}]},{"@type":"ImageObject","inLanguage":"pt-PT","@id":"https:\/\/interreg-sudoe.eu\/pt-pt\/licitacion-espon-analisis-de-los-programas-interreg-transnacionales-post-2027\/sudoe-2021-2027-pt-pt\/#primaryimage","url":"https:\/\/interreg-sudoe.eu\/wp-content\/uploads\/2024\/12\/ESPON_Sudoe1.png","contentUrl":"https:\/\/interreg-sudoe.eu\/wp-content\/uploads\/2024\/12\/ESPON_Sudoe1.png","width":1120,"height":660},{"@type":"BreadcrumbList","@id":"https:\/\/interreg-sudoe.eu\/pt-pt\/licitacion-espon-analisis-de-los-programas-interreg-transnacionales-post-2027\/sudoe-2021-2027-pt-pt\/#breadcrumb","itemListElement":[{"@type":"ListItem","position":1,"name":"Home","item":"https:\/\/interreg-sudoe.eu\/pt-pt\/"},{"@type":"ListItem","position":2,"name":"Concurso ESPON: An\u00e1lise dos programas transnacionais Interreg p\u00f3s-2027"}]},{"@type":"WebSite","@id":"https:\/\/interreg-sudoe.eu\/pt-pt\/#website","url":"https:\/\/interreg-sudoe.eu\/pt-pt\/","name":"Interreg Sudoe","description":"Interreg Sudoe","publisher":{"@id":"https:\/\/interreg-sudoe.eu\/pt-pt\/#organization"},"alternateName":"Interreg Sudoe","potentialAction":[{"@type":"SearchAction","target":{"@type":"EntryPoint","urlTemplate":"https:\/\/interreg-sudoe.eu\/pt-pt\/?s={search_term_string}"},"query-input":{"@type":"PropertyValueSpecification","valueRequired":true,"valueName":"search_term_string"}}],"inLanguage":"pt-PT"},{"@type":"Organization","@id":"https:\/\/interreg-sudoe.eu\/pt-pt\/#organization","name":"Interreg Sudoe","alternateName":"Interreg Sudoe","url":"https:\/\/interreg-sudoe.eu\/pt-pt\/","logo":{"@type":"ImageObject","inLanguage":"pt-PT","@id":"https:\/\/interreg-sudoe.eu\/pt-pt\/#\/schema\/logo\/image\/","url":"https:\/\/interreg-sudoe.eu\/wp-content\/uploads\/2024\/03\/logo-interreg.png","contentUrl":"https:\/\/interreg-sudoe.eu\/wp-content\/uploads\/2024\/03\/logo-interreg.png","width":1200,"height":675,"caption":"Interreg Sudoe"},"image":{"@id":"https:\/\/interreg-sudoe.eu\/pt-pt\/#\/schema\/logo\/image\/"},"sameAs":["https:\/\/www.facebook.com\/interregsudoe","https:\/\/x.com\/Sudoe5","https:\/\/www.youtube.com\/channel\/UCeGx2edoB32beRc9dbKA2vw","https:\/\/www.linkedin.com\/company\/interreg-sudoe-programme\/","https:\/\/www.flickr.com\/photos\/148704685@N06\/"]},{"@type":"Person","@id":"https:\/\/interreg-sudoe.eu\/pt-pt\/#\/schema\/person\/97db9e89c11fdb84824dff5fec4c96d9","name":"Contenidos","url":"https:\/\/interreg-sudoe.eu\/pt-pt\/author\/com1\/"}]}},"_links":{"self":[{"href":"https:\/\/interreg-sudoe.eu\/pt-pt\/wp-json\/wp\/v2\/posts\/43845","targetHints":{"allow":["GET"]}}],"collection":[{"href":"https:\/\/interreg-sudoe.eu\/pt-pt\/wp-json\/wp\/v2\/posts"}],"about":[{"href":"https:\/\/interreg-sudoe.eu\/pt-pt\/wp-json\/wp\/v2\/types\/post"}],"author":[{"embeddable":true,"href":"https:\/\/interreg-sudoe.eu\/pt-pt\/wp-json\/wp\/v2\/users\/4333"}],"replies":[{"embeddable":true,"href":"https:\/\/interreg-sudoe.eu\/pt-pt\/wp-json\/wp\/v2\/comments?post=43845"}],"version-history":[{"count":2,"href":"https:\/\/interreg-sudoe.eu\/pt-pt\/wp-json\/wp\/v2\/posts\/43845\/revisions"}],"predecessor-version":[{"id":60848,"href":"https:\/\/interreg-sudoe.eu\/pt-pt\/wp-json\/wp\/v2\/posts\/43845\/revisions\/60848"}],"wp:featuredmedia":[{"embeddable":true,"href":"https:\/\/interreg-sudoe.eu\/pt-pt\/wp-json\/wp\/v2\/media\/43839"}],"wp:attachment":[{"href":"https:\/\/interreg-sudoe.eu\/pt-pt\/wp-json\/wp\/v2\/media?parent=43845"}],"wp:term":[{"taxonomy":"category","embeddable":true,"href":"https:\/\/interreg-sudoe.eu\/pt-pt\/wp-json\/wp\/v2\/categories?post=43845"},{"taxonomy":"post_tag","embeddable":true,"href":"https:\/\/interreg-sudoe.eu\/pt-pt\/wp-json\/wp\/v2\/tags?post=43845"},{"taxonomy":"publicacion--inicio","embeddable":true,"href":"https:\/\/interreg-sudoe.eu\/pt-pt\/wp-json\/wp\/v2\/publicacion--inicio?post=43845"}],"curies":[{"name":"wp","href":"https:\/\/api.w.org\/{rel}","templated":true}]}}