{"id":65128,"date":"2026-04-30T11:44:46","date_gmt":"2026-04-30T09:44:46","guid":{"rendered":"https:\/\/interreg-sudoe.eu\/?p=65128"},"modified":"2026-04-30T11:44:49","modified_gmt":"2026-04-30T09:44:49","slug":"2a-edicao-dos-premios-dos-fundos-europeus-em-portugal-os-projetos-sudoe-podem-concorrer","status":"publish","type":"post","link":"https:\/\/interreg-sudoe.eu\/pt-pt\/2a-edicao-dos-premios-dos-fundos-europeus-em-portugal-os-projetos-sudoe-podem-concorrer\/geral\/","title":{"rendered":"2\u00aa edi\u00e7\u00e3o dos Pr\u00e9mios dos Fundos Europeus em Portugal: os projetos Sudoe podem concorrer!"},"content":{"rendered":"\t\t<div data-elementor-type=\"wp-post\" data-elementor-id=\"65128\" class=\"elementor elementor-65128 elementor-65021\" data-elementor-post-type=\"post\">\n\t\t\t\t<div class=\"elementor-element elementor-element-45514f5 e-flex e-con-boxed e-con e-parent\" data-id=\"45514f5\" data-element_type=\"container\" data-e-type=\"container\" data-settings=\"{&quot;jet_parallax_layout_list&quot;:[]}\">\n\t\t\t\t\t<div class=\"e-con-inner\">\n\t\t\t\t<div class=\"elementor-element elementor-element-1b7aabe elementor-widget elementor-widget-text-editor\" data-id=\"1b7aabe\" data-element_type=\"widget\" data-e-type=\"widget\" data-widget_type=\"text-editor.default\">\n\t\t\t\t\t\t\t\t\t<p>Os projetos cofinanciados pelo programa Interreg Sudoe t\u00eam a oportunidade de concorrer aos \u00ab<a href=\"https:\/\/www.premiosdosfundoseuropeus.pt\/\" target=\"_blank\" rel=\"noopener\">Pr\u00e9mios dos Fundos Europeus<\/a> \u00bb, uma competi\u00e7\u00e3o portuguesa que reconhece a excel\u00eancia e o impacto dos projetos apoiados pelos fundos europeus.<\/p>\t\t\t\t\t\t\t\t<\/div>\n\t\t\t\t<div class=\"elementor-element elementor-element-b02e560 elementor-widget elementor-widget-text-editor\" data-id=\"b02e560\" data-element_type=\"widget\" data-e-type=\"widget\" data-widget_type=\"text-editor.default\">\n\t\t\t\t\t\t\t\t\t<p><strong>O que s\u00e3o os Pr\u00e9mios dos Fundos Europeus?<\/strong><\/p>\t\t\t\t\t\t\t\t<\/div>\n\t\t\t\t<div class=\"elementor-element elementor-element-1c1d373 elementor-widget elementor-widget-text-editor\" data-id=\"1c1d373\" data-element_type=\"widget\" data-e-type=\"widget\" data-widget_type=\"text-editor.default\">\n\t\t\t\t\t\t\t\t\t<p>Os Pr\u00e9mios dos Fundos Europeus s\u00e3o uma iniciativa promovida pela <a href=\"https:\/\/www.adcoesao.pt\/\" target=\"_blank\" rel=\"noopener\">Agencia para el Desarrollo y la Cohesi\u00f3n (AD&amp;C, Portugal)\u00a0<\/a>no \u00e2mbito da Rede de Comunica\u00e7\u00e3o do Portugal 2030. O seu objetivo \u00e9 destacar projetos cofinanciados pela Uni\u00e3o Europeia que tenham demonstrado um impacto concreto no desenvolvimento social, econ\u00f3mico e ambiental dos territ\u00f3rios e refor\u00e7ar a perce\u00e7\u00e3o p\u00fablica positiva sobre a aplica\u00e7\u00e3o dos fundos europeus.<\/p><p><span style=\"color: #003399;\"><strong>Na sua 2\u00aa edi\u00e7\u00e3o, a competi\u00e7\u00e3o abre-se aos projetos de Coopera\u00e7\u00e3o Territorial Europeia, na categoria \u00abPortugal + Coopera\u00e7\u00e3o Territorial Europeia\u00bb.<\/strong><\/span><\/p>\t\t\t\t\t\t\t\t<\/div>\n\t\t\t\t<div class=\"elementor-element elementor-element-26c03f4 elementor-widget elementor-widget-text-editor\" data-id=\"26c03f4\" data-element_type=\"widget\" data-e-type=\"widget\" data-widget_type=\"text-editor.default\">\n\t\t\t\t\t\t\t\t\t<p><strong>Que projetos Sudoe podem concorrer?<\/strong><\/p>\t\t\t\t\t\t\t\t<\/div>\n\t\t\t\t<div class=\"elementor-element elementor-element-1c871f7 elementor-widget elementor-widget-text-editor\" data-id=\"1c871f7\" data-element_type=\"widget\" data-e-type=\"widget\" data-widget_type=\"text-editor.default\">\n\t\t\t\t\t\t\t\t\t<p>No que diz respeito ao Programa Interreg Sudoe, <strong>apenas os projetos da programa\u00e7\u00e3o 2014-2020 s\u00e3o eleg\u00edveis<\/strong> nesta edi\u00e7\u00e3o. O regulamento exige que os projetos candidatos estejam f\u00edsica e financeiramente conclu\u00eddos, tenham realizado todas as atividades previstas e tenham recebido a contribui\u00e7\u00e3o financeira final.<\/p><p>Os projetos Sudoe 2021-2027, ainda em execu\u00e7\u00e3o, n\u00e3o cumprem estes requisitos nesta edi\u00e7\u00e3o.<\/p><p><strong>O que o formul\u00e1rio de candidatura deve demonstrar<\/strong><\/p><p>A candidatura deve ser submetida pelo(s) parceiro(s) portugu\u00eas(es) do projeto (benefici\u00e1rio principal ou benefici\u00e1rios, caso o l\u00edder n\u00e3o seja portugu\u00eas). S\u00f3 ser\u00e3o aceites projetos que tenham pelo menos um benefici\u00e1rio portugu\u00eas.<\/p><p>O formul\u00e1rio exige uma descri\u00e7\u00e3o detalhada dos impactos e resultados do projeto, comprovados por indicadores quantitativos e\/ou qualitativos. Nesta categoria, \u00e9 obrigat\u00f3rio demonstrar o impacto concreto do projeto em territ\u00f3rio nacional: as mudan\u00e7as geradas em Portugal, os p\u00fablicos abrangidos e o valor acrescentado produzido no territ\u00f3rio.<\/p><p>Os crit\u00e9rios de avalia\u00e7\u00e3o do j\u00fari s\u00e3o:<\/p><ul><li>coes\u00e3o,<\/li><li>impacto,<\/li><li>inova\u00e7\u00e3o,<\/li><li>sustentabilidade,<\/li><li>envolvimento da comunidade,<\/li><li>transferibilidade.<\/li><\/ul>\t\t\t\t\t\t\t\t<\/div>\n\t\t\t\t\t<\/div>\n\t\t\t\t<\/div>\n\t\t<div class=\"elementor-element elementor-element-2a60f93 e-flex e-con-boxed e-con e-parent\" data-id=\"2a60f93\" data-element_type=\"container\" data-e-type=\"container\" data-settings=\"{&quot;jet_parallax_layout_list&quot;:[]}\">\n\t\t\t\t\t<div class=\"e-con-inner\">\n\t\t\t\t<div class=\"elementor-element elementor-element-77ca99b elementor-widget elementor-widget-text-editor\" data-id=\"77ca99b\" data-element_type=\"widget\" data-e-type=\"widget\" data-widget_type=\"text-editor.default\">\n\t\t\t\t\t\t\t\t\t<p><strong>Quer participar? Aqui est\u00e1 o calend\u00e1rio a seguir: <\/strong><\/p>\t\t\t\t\t\t\t\t<\/div>\n\t\t\t\t<div class=\"elementor-element elementor-element-9765b70 elementor-widget elementor-widget-jet-timeline\" data-id=\"9765b70\" data-element_type=\"widget\" data-e-type=\"widget\" data-widget_type=\"jet-timeline.default\">\n\t\t\t\t<div class=\"elementor-widget-container\">\n\t\t\t\t\t<div class=\"elementor-jet-timeline jet-elements\"><div class=\"jet-timeline jet-timeline--align-center jet-timeline--align-middle\">\n\t<div class=\"jet-timeline__line\"><div class=\"jet-timeline__line-progress\"><\/div><\/div>\n\t<div class=\"jet-timeline-list\"><div class=\"jet-timeline-item  elementor-repeater-item-fe1a65b jet-timeline-item--image-inside\">\n\t<div class=\"timeline-item__card\">\n\t\t<div class=\"timeline-item__card-inner\">\n\t\t\t\t\t\t\t\t<div class=\"timeline-item__card-content\">\n\t\t\t\t\t<div class=\"timeline-item__meta\"><div class=\"timeline-item__meta-content\">17 de abril de 2026<\/div><\/div><h5 class=\"timeline-item__card-title\">Abertura das candidaturas<\/h5><div class=\"timeline-item__card-desc\"><p>Consultar no website \"Pr\u00e9mios Fundos Europeus\" <a href=\"https:\/\/www.premiosdosfundoseuropeus.pt\" target=\"_blank\" rel=\"noopener\">https:\/\/www.premiosdosfundoseuropeus.pt<\/a>\/ onden encontrar\u00e1: \u00a0<\/p><ul><li>o regulamento,\u00a0<\/li><li>o formul\u00e1rio de candidatura,\u00a0<\/li><li>uma FAQ.<\/li><\/ul><\/div>\t\t\t\t<\/div>\n\t\t\t\t\t\t<\/div>\n\t\t<div class=\"timeline-item__card-arrow\"><\/div>\n\t<\/div>\n\t<div class=\"timeline-item__point\"><div class=\"timeline-item__point-content timeline-item__point-content--icon\"><span class=\"jet-elements-icon\"><svg aria-hidden=\"true\" class=\"e-font-icon-svg e-fas-calendar-alt\" viewBox=\"0 0 448 512\" xmlns=\"http:\/\/www.w3.org\/2000\/svg\"><path d=\"M0 464c0 26.5 21.5 48 48 48h352c26.5 0 48-21.5 48-48V192H0v272zm320-196c0-6.6 5.4-12 12-12h40c6.6 0 12 5.4 12 12v40c0 6.6-5.4 12-12 12h-40c-6.6 0-12-5.4-12-12v-40zm0 128c0-6.6 5.4-12 12-12h40c6.6 0 12 5.4 12 12v40c0 6.6-5.4 12-12 12h-40c-6.6 0-12-5.4-12-12v-40zM192 268c0-6.6 5.4-12 12-12h40c6.6 0 12 5.4 12 12v40c0 6.6-5.4 12-12 12h-40c-6.6 0-12-5.4-12-12v-40zm0 128c0-6.6 5.4-12 12-12h40c6.6 0 12 5.4 12 12v40c0 6.6-5.4 12-12 12h-40c-6.6 0-12-5.4-12-12v-40zM64 268c0-6.6 5.4-12 12-12h40c6.6 0 12 5.4 12 12v40c0 6.6-5.4 12-12 12H76c-6.6 0-12-5.4-12-12v-40zm0 128c0-6.6 5.4-12 12-12h40c6.6 0 12 5.4 12 12v40c0 6.6-5.4 12-12 12H76c-6.6 0-12-5.4-12-12v-40zM400 64h-48V16c0-8.8-7.2-16-16-16h-32c-8.8 0-16 7.2-16 16v48H160V16c0-8.8-7.2-16-16-16h-32c-8.8 0-16 7.2-16 16v48H48C21.5 64 0 85.5 0 112v48h448v-48c0-26.5-21.5-48-48-48z\"><\/path><\/svg><\/span><\/div><\/div><div class=\"timeline-item__meta\"><div class=\"timeline-item__meta-content\">17 de abril de 2026<\/div><\/div><\/div><div class=\"jet-timeline-item  elementor-repeater-item-a5af978 jet-timeline-item--image-inside\">\n\t<div class=\"timeline-item__card\">\n\t\t<div class=\"timeline-item__card-inner\">\n\t\t\t\t\t\t\t\t<div class=\"timeline-item__card-content\">\n\t\t\t\t\t<div class=\"timeline-item__meta\"><div class=\"timeline-item__meta-content\">17 de julho de 2026<\/div><\/div><h5 class=\"timeline-item__card-title\">Encerramento das candidaturas<\/h5><div class=\"timeline-item__card-desc\"><p>A sua candidatura deve ser apresentada atrav\u00e9s do <a href=\"https:\/\/www.premiosdosfundoseuropeus.pt\/#candidatura\" target=\"_blank\" rel=\"noopener\">formul\u00e1rio<\/a> previsto para o efeito at\u00e9 \u00e0s 23:59:59 do dia 17 de julho (hora de Portugal continental). As candidaturas devem ser apresentadas em l\u00edngua portuguesa.\u00a0<\/p><\/div>\t\t\t\t<\/div>\n\t\t\t\t\t\t<\/div>\n\t\t<div class=\"timeline-item__card-arrow\"><\/div>\n\t<\/div>\n\t<div class=\"timeline-item__point\"><div class=\"timeline-item__point-content timeline-item__point-content--icon\"><span class=\"jet-elements-icon\"><svg aria-hidden=\"true\" class=\"e-font-icon-svg e-fas-calendar-check\" viewBox=\"0 0 448 512\" xmlns=\"http:\/\/www.w3.org\/2000\/svg\"><path d=\"M436 160H12c-6.627 0-12-5.373-12-12v-36c0-26.51 21.49-48 48-48h48V12c0-6.627 5.373-12 12-12h40c6.627 0 12 5.373 12 12v52h128V12c0-6.627 5.373-12 12-12h40c6.627 0 12 5.373 12 12v52h48c26.51 0 48 21.49 48 48v36c0 6.627-5.373 12-12 12zM12 192h424c6.627 0 12 5.373 12 12v260c0 26.51-21.49 48-48 48H48c-26.51 0-48-21.49-48-48V204c0-6.627 5.373-12 12-12zm333.296 95.947l-28.169-28.398c-4.667-4.705-12.265-4.736-16.97-.068L194.12 364.665l-45.98-46.352c-4.667-4.705-12.266-4.736-16.971-.068l-28.397 28.17c-4.705 4.667-4.736 12.265-.068 16.97l82.601 83.269c4.667 4.705 12.265 4.736 16.97.068l142.953-141.805c4.705-4.667 4.736-12.265.068-16.97z\"><\/path><\/svg><\/span><\/div><\/div><div class=\"timeline-item__meta\"><div class=\"timeline-item__meta-content\">17 de julho de 2026<\/div><\/div><\/div><div class=\"jet-timeline-item  elementor-repeater-item-4af5d22 jet-timeline-item--image-inside\">\n\t<div class=\"timeline-item__card\">\n\t\t<div class=\"timeline-item__card-inner\">\n\t\t\t\t\t\t\t\t<div class=\"timeline-item__card-content\">\n\t\t\t\t\t<div class=\"timeline-item__meta\"><div class=\"timeline-item__meta-content\">30 de setembro de 2026<\/div><\/div><h5 class=\"timeline-item__card-title\"> An\u00fancio dos finalistas<\/h5><div class=\"timeline-item__card-desc\"><p>A lista dos finalistas de cada categoria aberta ser\u00e1 publicada a 30 de setembro.<\/p><\/div>\t\t\t\t<\/div>\n\t\t\t\t\t\t<\/div>\n\t\t<div class=\"timeline-item__card-arrow\"><\/div>\n\t<\/div>\n\t<div class=\"timeline-item__point\"><div class=\"timeline-item__point-content timeline-item__point-content--icon\"><span class=\"jet-elements-icon\"><svg aria-hidden=\"true\" class=\"e-font-icon-svg e-fas-bullhorn\" viewBox=\"0 0 576 512\" xmlns=\"http:\/\/www.w3.org\/2000\/svg\"><path d=\"M576 240c0-23.63-12.95-44.04-32-55.12V32.01C544 23.26 537.02 0 512 0c-7.12 0-14.19 2.38-19.98 7.02l-85.03 68.03C364.28 109.19 310.66 128 256 128H64c-35.35 0-64 28.65-64 64v96c0 35.35 28.65 64 64 64h33.7c-1.39 10.48-2.18 21.14-2.18 32 0 39.77 9.26 77.35 25.56 110.94 5.19 10.69 16.52 17.06 28.4 17.06h74.28c26.05 0 41.69-29.84 25.9-50.56-16.4-21.52-26.15-48.36-26.15-77.44 0-11.11 1.62-21.79 4.41-32H256c54.66 0 108.28 18.81 150.98 52.95l85.03 68.03a32.023 32.023 0 0 0 19.98 7.02c24.92 0 32-22.78 32-32V295.13C563.05 284.04 576 263.63 576 240zm-96 141.42l-33.05-26.44C392.95 311.78 325.12 288 256 288v-96c69.12 0 136.95-23.78 190.95-66.98L480 98.58v282.84z\"><\/path><\/svg><\/span><\/div><\/div><div class=\"timeline-item__meta\"><div class=\"timeline-item__meta-content\">30 de setembro de 2026<\/div><\/div><\/div><div class=\"jet-timeline-item  elementor-repeater-item-e4fe888 jet-timeline-item--image-inside\">\n\t<div class=\"timeline-item__card\">\n\t\t<div class=\"timeline-item__card-inner\">\n\t\t\t\t\t\t\t\t<div class=\"timeline-item__card-content\">\n\t\t\t\t\t<div class=\"timeline-item__meta\"><div class=\"timeline-item__meta-content\">30 de setembro at\u00e9 \u00e0 v\u00e9spera da cerim\u00f3nia<\/div><\/div><h5 class=\"timeline-item__card-title\">Vota\u00e7\u00e3o do p\u00fablico<\/h5><div class=\"timeline-item__card-desc\"><p>Assim que a lista de finalistas for publicada, ser\u00e1 aberta a vota\u00e7\u00e3o da categoria \u00abEscolha do P\u00fablico\u00bb. Esta vota\u00e7\u00e3o encerrar\u00e1 na v\u00e9spera da cerim\u00f3nia de entrega dos pr\u00e9mios.<\/p><\/div>\t\t\t\t<\/div>\n\t\t\t\t\t\t<\/div>\n\t\t<div class=\"timeline-item__card-arrow\"><\/div>\n\t<\/div>\n\t<div class=\"timeline-item__point\"><div class=\"timeline-item__point-content timeline-item__point-content--icon\"><span class=\"jet-elements-icon\"><svg aria-hidden=\"true\" class=\"e-font-icon-svg e-fas-comments\" viewBox=\"0 0 576 512\" xmlns=\"http:\/\/www.w3.org\/2000\/svg\"><path d=\"M416 192c0-88.4-93.1-160-208-160S0 103.6 0 192c0 34.3 14.1 65.9 38 92-13.4 30.2-35.5 54.2-35.8 54.5-2.2 2.3-2.8 5.7-1.5 8.7S4.8 352 8 352c36.6 0 66.9-12.3 88.7-25 32.2 15.7 70.3 25 111.3 25 114.9 0 208-71.6 208-160zm122 220c23.9-26 38-57.7 38-92 0-66.9-53.5-124.2-129.3-148.1.9 6.6 1.3 13.3 1.3 20.1 0 105.9-107.7 192-240 192-10.8 0-21.3-.8-31.7-1.9C207.8 439.6 281.8 480 368 480c41 0 79.1-9.2 111.3-25 21.8 12.7 52.1 25 88.7 25 3.2 0 6.1-1.9 7.3-4.8 1.3-2.9.7-6.3-1.5-8.7-.3-.3-22.4-24.2-35.8-54.5z\"><\/path><\/svg><\/span><\/div><\/div><div class=\"timeline-item__meta\"><div class=\"timeline-item__meta-content\">30 de setembro at\u00e9 \u00e0 v\u00e9spera da cerim\u00f3nia<\/div><\/div><\/div><div class=\"jet-timeline-item  elementor-repeater-item-dd02839 jet-timeline-item--image-inside\">\n\t<div class=\"timeline-item__card\">\n\t\t<div class=\"timeline-item__card-inner\">\n\t\t\t\t\t\t\t\t<div class=\"timeline-item__card-content\">\n\t\t\t\t\t<div class=\"timeline-item__meta\"><div class=\"timeline-item__meta-content\">novembro de 2026<\/div><\/div><h5 class=\"timeline-item__card-title\">Entrega dos pr\u00e9mios<\/h5><div class=\"timeline-item__card-desc\"><p>Os finalistas dever\u00e3o fazer um <em>pitch<\/em> para dar a conhecer o seu projeto durante a cerim\u00f3nia de entrega de pr\u00e9mios. Esta apresenta\u00e7\u00e3o dever\u00e1 ser feita por um benefici\u00e1rio portugu\u00eas do projeto finalista.<\/p><\/div>\t\t\t\t<\/div>\n\t\t\t\t\t\t<\/div>\n\t\t<div class=\"timeline-item__card-arrow\"><\/div>\n\t<\/div>\n\t<div class=\"timeline-item__point\"><div class=\"timeline-item__point-content timeline-item__point-content--icon\"><span class=\"jet-elements-icon\"><svg aria-hidden=\"true\" class=\"e-font-icon-svg e-fas-trophy\" viewBox=\"0 0 576 512\" xmlns=\"http:\/\/www.w3.org\/2000\/svg\"><path d=\"M552 64H448V24c0-13.3-10.7-24-24-24H152c-13.3 0-24 10.7-24 24v40H24C10.7 64 0 74.7 0 88v56c0 35.7 22.5 72.4 61.9 100.7 31.5 22.7 69.8 37.1 110 41.7C203.3 338.5 240 360 240 360v72h-48c-35.3 0-64 20.7-64 56v12c0 6.6 5.4 12 12 12h296c6.6 0 12-5.4 12-12v-12c0-35.3-28.7-56-64-56h-48v-72s36.7-21.5 68.1-73.6c40.3-4.6 78.6-19 110-41.7 39.3-28.3 61.9-65 61.9-100.7V88c0-13.3-10.7-24-24-24zM99.3 192.8C74.9 175.2 64 155.6 64 144v-16h64.2c1 32.6 5.8 61.2 12.8 86.2-15.1-5.2-29.2-12.4-41.7-21.4zM512 144c0 16.1-17.7 36.1-35.3 48.8-12.5 9-26.7 16.2-41.8 21.4 7-25 11.8-53.6 12.8-86.2H512v16z\"><\/path><\/svg><\/span><\/div><\/div><div class=\"timeline-item__meta\"><div class=\"timeline-item__meta-content\">novembro de 2026<\/div><\/div><\/div><\/div><\/div><\/div>\t\t\t\t<\/div>\n\t\t\t\t<\/div>\n\t\t\t\t\t<\/div>\n\t\t\t\t<\/div>\n\t\t<div class=\"elementor-element elementor-element-bb9c36f e-flex e-con-boxed e-con e-parent\" data-id=\"bb9c36f\" data-element_type=\"container\" data-e-type=\"container\" data-settings=\"{&quot;jet_parallax_layout_list&quot;:[]}\">\n\t\t\t\t\t<div class=\"e-con-inner\">\n\t\t\t\t<div class=\"elementor-element elementor-element-a01a966 elementor-widget elementor-widget-text-editor\" data-id=\"a01a966\" data-element_type=\"widget\" data-e-type=\"widget\" data-widget_type=\"text-editor.default\">\n\t\t\t\t\t\t\t\t\t<p><strong>Gostaria de apresentar ao seu projeto?<\/strong><\/p>\t\t\t\t\t\t\t\t<\/div>\n\t\t\t\t<div class=\"elementor-element elementor-element-d4c50c3 elementor-widget elementor-widget-text-editor\" data-id=\"d4c50c3\" data-element_type=\"widget\" data-e-type=\"widget\" data-widget_type=\"text-editor.default\">\n\t\t\t\t\t\t\t\t\t<p>Contacte o secretariado conjunto Sudoe (<a href=\"mailto:com@interreg-sudoe.eu\" target=\"_blank\" rel=\"noopener\">com@interreg-sudoe.eu<\/a>) e ajud\u00e1-lo-emos a preparar a sua candidatura. Al\u00e9m disso, cada candidatura deve ser acompanhada de uma carta da autoridade de gest\u00e3o.<\/p>\t\t\t\t\t\t\t\t<\/div>\n\t\t\t\t<div class=\"elementor-element elementor-element-5480d6f elementor-widget elementor-widget-jet-animated-text\" data-id=\"5480d6f\" data-element_type=\"widget\" data-e-type=\"widget\" data-widget_type=\"jet-animated-text.default\">\n\t\t\t\t<div class=\"elementor-widget-container\">\n\t\t\t\t\t<div class=\"elementor-jet-animated-text jet-elements\">\n<div class=\"jet-animated-text jet-animated-text--effect-fx1\" data-settings='{&quot;effect&quot;:&quot;fx1&quot;,&quot;delay&quot;:3000}'>\n\t<div class=\"jet-animated-text__before-text\">\n\t<span>D\u00ea<\/span>&nbsp;<\/div>\n\t<div class=\"jet-animated-text__animated-text\">\n<div class=\"jet-animated-text__animated-text-item active visible\" dir=\"ltr\">\n\t<span>v<\/span><span>i<\/span><span>s<\/span><span>i<\/span><span>b<\/span><span>i<\/span><span>l<\/span><span>i<\/span><span>d<\/span><span>a<\/span><span>d<\/span><span>e<\/span>&nbsp;<\/div>\n<\/div>\t<div class=\"jet-animated-text__after-text\">\n\t<span>ao<\/span>&nbsp;<span>seu<\/span>&nbsp;<span>projeto!<\/span><\/div><\/div><\/div>\t\t\t\t<\/div>\n\t\t\t\t<\/div>\n\t\t\t\t\t<\/div>\n\t\t\t\t<\/div>\n\t\t\t\t<\/div>\n\t\t","protected":false},"excerpt":{"rendered":"<p>Os projetos cofinanciados pelo programa Interreg Sudoe t\u00eam a oportunidade de concorrer aos \u00abPr\u00e9mios dos Fundos Europeus \u00bb, uma competi\u00e7\u00e3o portuguesa que reconhece a excel\u00eancia e o impacto dos projetos apoiados pelos fundos europeus. O que s\u00e3o os Pr\u00e9mios dos Fundos Europeus? Os Pr\u00e9mios dos Fundos Europeus s\u00e3o uma iniciativa promovida pela Agencia para el [&hellip;]<\/p>\n","protected":false},"author":4334,"featured_media":65079,"comment_status":"closed","ping_status":"closed","sticky":false,"template":"","format":"standard","meta":{"_acf_changed":false,"content-type":"","_monsterinsights_skip_tracking":false,"_monsterinsights_sitenote_active":false,"_monsterinsights_sitenote_note":"","_monsterinsights_sitenote_category":0,"footnotes":""},"categories":[1925],"tags":[],"publicacion--inicio":[3166],"class_list":["post-65128","post","type-post","status-publish","format-standard","has-post-thumbnail","hentry","category-geral","publicacion--inicio-publicacion-inicio-pt-pt"],"acf":[],"yoast_head":"<!-- This site is optimized with the Yoast SEO plugin v27.4 - https:\/\/yoast.com\/product\/yoast-seo-wordpress\/ -->\n<title>2\u00aa edi\u00e7\u00e3o dos Pr\u00e9mios dos Fundos Europeus em Portugal: os projetos Sudoe podem concorrer! - Interreg Sudoe<\/title>\n<meta name=\"robots\" content=\"index, follow, max-snippet:-1, max-image-preview:large, max-video-preview:-1\" \/>\n<link rel=\"canonical\" href=\"https:\/\/interreg-sudoe.eu\/pt-pt\/2a-edicao-dos-premios-dos-fundos-europeus-em-portugal-os-projetos-sudoe-podem-concorrer\/geral\/\" \/>\n<meta property=\"og:locale\" content=\"pt_PT\" \/>\n<meta property=\"og:type\" content=\"article\" \/>\n<meta property=\"og:title\" content=\"2\u00aa edi\u00e7\u00e3o dos Pr\u00e9mios dos Fundos Europeus em Portugal: os projetos Sudoe podem concorrer! - Interreg Sudoe\" \/>\n<meta property=\"og:description\" content=\"Os projetos cofinanciados pelo programa Interreg Sudoe t\u00eam a oportunidade de concorrer aos \u00abPr\u00e9mios dos Fundos Europeus \u00bb, uma competi\u00e7\u00e3o portuguesa que reconhece a excel\u00eancia e o impacto dos projetos apoiados pelos fundos europeus. O que s\u00e3o os Pr\u00e9mios dos Fundos Europeus? Os Pr\u00e9mios dos Fundos Europeus s\u00e3o uma iniciativa promovida pela Agencia para el [&hellip;]\" \/>\n<meta property=\"og:url\" content=\"https:\/\/interreg-sudoe.eu\/pt-pt\/2a-edicao-dos-premios-dos-fundos-europeus-em-portugal-os-projetos-sudoe-podem-concorrer\/geral\/\" \/>\n<meta property=\"og:site_name\" content=\"Interreg Sudoe\" \/>\n<meta property=\"article:publisher\" content=\"https:\/\/www.facebook.com\/interregsudoe\" \/>\n<meta property=\"article:published_time\" content=\"2026-04-30T09:44:46+00:00\" \/>\n<meta property=\"article:modified_time\" content=\"2026-04-30T09:44:49+00:00\" \/>\n<meta property=\"og:image\" content=\"https:\/\/interreg-sudoe.eu\/wp-content\/uploads\/2026\/04\/banner.png\" \/>\n\t<meta property=\"og:image:width\" content=\"1920\" \/>\n\t<meta property=\"og:image:height\" content=\"345\" \/>\n\t<meta property=\"og:image:type\" content=\"image\/png\" \/>\n<meta name=\"author\" content=\"isabelle roger\" \/>\n<meta name=\"twitter:card\" content=\"summary_large_image\" \/>\n<meta name=\"twitter:creator\" content=\"@Sudoe5\" \/>\n<meta name=\"twitter:site\" content=\"@Sudoe5\" \/>\n<meta name=\"twitter:label1\" content=\"Escrito por\" \/>\n\t<meta name=\"twitter:data1\" content=\"isabelle roger\" \/>\n\t<meta name=\"twitter:label2\" content=\"Tempo estimado de leitura\" \/>\n\t<meta name=\"twitter:data2\" content=\"3 minutos\" \/>\n<script type=\"application\/ld+json\" class=\"yoast-schema-graph\">{\"@context\":\"https:\\\/\\\/schema.org\",\"@graph\":[{\"@type\":\"Article\",\"@id\":\"https:\\\/\\\/interreg-sudoe.eu\\\/pt-pt\\\/2a-edicao-dos-premios-dos-fundos-europeus-em-portugal-os-projetos-sudoe-podem-concorrer\\\/geral\\\/#article\",\"isPartOf\":{\"@id\":\"https:\\\/\\\/interreg-sudoe.eu\\\/pt-pt\\\/2a-edicao-dos-premios-dos-fundos-europeus-em-portugal-os-projetos-sudoe-podem-concorrer\\\/geral\\\/\"},\"author\":{\"name\":\"isabelle roger\",\"@id\":\"https:\\\/\\\/interreg-sudoe.eu\\\/pt-pt\\\/#\\\/schema\\\/person\\\/5debb79d953bf7990cff10c01f710acb\"},\"headline\":\"2\u00aa edi\u00e7\u00e3o dos Pr\u00e9mios dos Fundos Europeus em Portugal: os projetos Sudoe podem concorrer!\",\"datePublished\":\"2026-04-30T09:44:46+00:00\",\"dateModified\":\"2026-04-30T09:44:49+00:00\",\"mainEntityOfPage\":{\"@id\":\"https:\\\/\\\/interreg-sudoe.eu\\\/pt-pt\\\/2a-edicao-dos-premios-dos-fundos-europeus-em-portugal-os-projetos-sudoe-podem-concorrer\\\/geral\\\/\"},\"wordCount\":606,\"publisher\":{\"@id\":\"https:\\\/\\\/interreg-sudoe.eu\\\/pt-pt\\\/#organization\"},\"image\":{\"@id\":\"https:\\\/\\\/interreg-sudoe.eu\\\/pt-pt\\\/2a-edicao-dos-premios-dos-fundos-europeus-em-portugal-os-projetos-sudoe-podem-concorrer\\\/geral\\\/#primaryimage\"},\"thumbnailUrl\":\"https:\\\/\\\/interreg-sudoe.eu\\\/wp-content\\\/uploads\\\/2026\\\/04\\\/banner.png\",\"articleSection\":[\"Geral\"],\"inLanguage\":\"pt-PT\"},{\"@type\":\"WebPage\",\"@id\":\"https:\\\/\\\/interreg-sudoe.eu\\\/pt-pt\\\/2a-edicao-dos-premios-dos-fundos-europeus-em-portugal-os-projetos-sudoe-podem-concorrer\\\/geral\\\/\",\"url\":\"https:\\\/\\\/interreg-sudoe.eu\\\/pt-pt\\\/2a-edicao-dos-premios-dos-fundos-europeus-em-portugal-os-projetos-sudoe-podem-concorrer\\\/geral\\\/\",\"name\":\"2\u00aa edi\u00e7\u00e3o dos Pr\u00e9mios dos Fundos Europeus em Portugal: os projetos Sudoe podem concorrer! - Interreg Sudoe\",\"isPartOf\":{\"@id\":\"https:\\\/\\\/interreg-sudoe.eu\\\/pt-pt\\\/#website\"},\"primaryImageOfPage\":{\"@id\":\"https:\\\/\\\/interreg-sudoe.eu\\\/pt-pt\\\/2a-edicao-dos-premios-dos-fundos-europeus-em-portugal-os-projetos-sudoe-podem-concorrer\\\/geral\\\/#primaryimage\"},\"image\":{\"@id\":\"https:\\\/\\\/interreg-sudoe.eu\\\/pt-pt\\\/2a-edicao-dos-premios-dos-fundos-europeus-em-portugal-os-projetos-sudoe-podem-concorrer\\\/geral\\\/#primaryimage\"},\"thumbnailUrl\":\"https:\\\/\\\/interreg-sudoe.eu\\\/wp-content\\\/uploads\\\/2026\\\/04\\\/banner.png\",\"datePublished\":\"2026-04-30T09:44:46+00:00\",\"dateModified\":\"2026-04-30T09:44:49+00:00\",\"breadcrumb\":{\"@id\":\"https:\\\/\\\/interreg-sudoe.eu\\\/pt-pt\\\/2a-edicao-dos-premios-dos-fundos-europeus-em-portugal-os-projetos-sudoe-podem-concorrer\\\/geral\\\/#breadcrumb\"},\"inLanguage\":\"pt-PT\",\"potentialAction\":[{\"@type\":\"ReadAction\",\"target\":[\"https:\\\/\\\/interreg-sudoe.eu\\\/pt-pt\\\/2a-edicao-dos-premios-dos-fundos-europeus-em-portugal-os-projetos-sudoe-podem-concorrer\\\/geral\\\/\"]}]},{\"@type\":\"ImageObject\",\"inLanguage\":\"pt-PT\",\"@id\":\"https:\\\/\\\/interreg-sudoe.eu\\\/pt-pt\\\/2a-edicao-dos-premios-dos-fundos-europeus-em-portugal-os-projetos-sudoe-podem-concorrer\\\/geral\\\/#primaryimage\",\"url\":\"https:\\\/\\\/interreg-sudoe.eu\\\/wp-content\\\/uploads\\\/2026\\\/04\\\/banner.png\",\"contentUrl\":\"https:\\\/\\\/interreg-sudoe.eu\\\/wp-content\\\/uploads\\\/2026\\\/04\\\/banner.png\",\"width\":1920,\"height\":345},{\"@type\":\"BreadcrumbList\",\"@id\":\"https:\\\/\\\/interreg-sudoe.eu\\\/pt-pt\\\/2a-edicao-dos-premios-dos-fundos-europeus-em-portugal-os-projetos-sudoe-podem-concorrer\\\/geral\\\/#breadcrumb\",\"itemListElement\":[{\"@type\":\"ListItem\",\"position\":1,\"name\":\"Home\",\"item\":\"https:\\\/\\\/interreg-sudoe.eu\\\/pt-pt\\\/\"},{\"@type\":\"ListItem\",\"position\":2,\"name\":\"2\u00aa edi\u00e7\u00e3o dos Pr\u00e9mios dos Fundos Europeus em Portugal: os projetos Sudoe podem concorrer!\"}]},{\"@type\":\"WebSite\",\"@id\":\"https:\\\/\\\/interreg-sudoe.eu\\\/pt-pt\\\/#website\",\"url\":\"https:\\\/\\\/interreg-sudoe.eu\\\/pt-pt\\\/\",\"name\":\"Interreg Sudoe\",\"description\":\"Interreg Sudoe\",\"publisher\":{\"@id\":\"https:\\\/\\\/interreg-sudoe.eu\\\/pt-pt\\\/#organization\"},\"alternateName\":\"Interreg Sudoe\",\"potentialAction\":[{\"@type\":\"SearchAction\",\"target\":{\"@type\":\"EntryPoint\",\"urlTemplate\":\"https:\\\/\\\/interreg-sudoe.eu\\\/pt-pt\\\/?s={search_term_string}\"},\"query-input\":{\"@type\":\"PropertyValueSpecification\",\"valueRequired\":true,\"valueName\":\"search_term_string\"}}],\"inLanguage\":\"pt-PT\"},{\"@type\":\"Organization\",\"@id\":\"https:\\\/\\\/interreg-sudoe.eu\\\/pt-pt\\\/#organization\",\"name\":\"Interreg Sudoe\",\"alternateName\":\"Interreg Sudoe\",\"url\":\"https:\\\/\\\/interreg-sudoe.eu\\\/pt-pt\\\/\",\"logo\":{\"@type\":\"ImageObject\",\"inLanguage\":\"pt-PT\",\"@id\":\"https:\\\/\\\/interreg-sudoe.eu\\\/pt-pt\\\/#\\\/schema\\\/logo\\\/image\\\/\",\"url\":\"https:\\\/\\\/interreg-sudoe.eu\\\/wp-content\\\/uploads\\\/2024\\\/03\\\/logo-interreg.png\",\"contentUrl\":\"https:\\\/\\\/interreg-sudoe.eu\\\/wp-content\\\/uploads\\\/2024\\\/03\\\/logo-interreg.png\",\"width\":1200,\"height\":675,\"caption\":\"Interreg Sudoe\"},\"image\":{\"@id\":\"https:\\\/\\\/interreg-sudoe.eu\\\/pt-pt\\\/#\\\/schema\\\/logo\\\/image\\\/\"},\"sameAs\":[\"https:\\\/\\\/www.facebook.com\\\/interregsudoe\",\"https:\\\/\\\/x.com\\\/Sudoe5\",\"https:\\\/\\\/www.youtube.com\\\/channel\\\/UCeGx2edoB32beRc9dbKA2vw\",\"https:\\\/\\\/www.linkedin.com\\\/company\\\/interreg-sudoe-programme\\\/\",\"https:\\\/\\\/www.flickr.com\\\/photos\\\/148704685@N06\\\/\"]},{\"@type\":\"Person\",\"@id\":\"https:\\\/\\\/interreg-sudoe.eu\\\/pt-pt\\\/#\\\/schema\\\/person\\\/5debb79d953bf7990cff10c01f710acb\",\"name\":\"isabelle roger\",\"url\":\"https:\\\/\\\/interreg-sudoe.eu\\\/pt-pt\\\/author\\\/isabelle_roger-2\\\/\"}]}<\/script>\n<!-- \/ Yoast SEO plugin. -->","yoast_head_json":{"title":"2\u00aa edi\u00e7\u00e3o dos Pr\u00e9mios dos Fundos Europeus em Portugal: os projetos Sudoe podem concorrer! - Interreg Sudoe","robots":{"index":"index","follow":"follow","max-snippet":"max-snippet:-1","max-image-preview":"max-image-preview:large","max-video-preview":"max-video-preview:-1"},"canonical":"https:\/\/interreg-sudoe.eu\/pt-pt\/2a-edicao-dos-premios-dos-fundos-europeus-em-portugal-os-projetos-sudoe-podem-concorrer\/geral\/","og_locale":"pt_PT","og_type":"article","og_title":"2\u00aa edi\u00e7\u00e3o dos Pr\u00e9mios dos Fundos Europeus em Portugal: os projetos Sudoe podem concorrer! - Interreg Sudoe","og_description":"Os projetos cofinanciados pelo programa Interreg Sudoe t\u00eam a oportunidade de concorrer aos \u00abPr\u00e9mios dos Fundos Europeus \u00bb, uma competi\u00e7\u00e3o portuguesa que reconhece a excel\u00eancia e o impacto dos projetos apoiados pelos fundos europeus. O que s\u00e3o os Pr\u00e9mios dos Fundos Europeus? Os Pr\u00e9mios dos Fundos Europeus s\u00e3o uma iniciativa promovida pela Agencia para el [&hellip;]","og_url":"https:\/\/interreg-sudoe.eu\/pt-pt\/2a-edicao-dos-premios-dos-fundos-europeus-em-portugal-os-projetos-sudoe-podem-concorrer\/geral\/","og_site_name":"Interreg Sudoe","article_publisher":"https:\/\/www.facebook.com\/interregsudoe","article_published_time":"2026-04-30T09:44:46+00:00","article_modified_time":"2026-04-30T09:44:49+00:00","og_image":[{"width":1920,"height":345,"url":"https:\/\/interreg-sudoe.eu\/wp-content\/uploads\/2026\/04\/banner.png","type":"image\/png"}],"author":"isabelle roger","twitter_card":"summary_large_image","twitter_creator":"@Sudoe5","twitter_site":"@Sudoe5","twitter_misc":{"Escrito por":"isabelle roger","Tempo estimado de leitura":"3 minutos"},"schema":{"@context":"https:\/\/schema.org","@graph":[{"@type":"Article","@id":"https:\/\/interreg-sudoe.eu\/pt-pt\/2a-edicao-dos-premios-dos-fundos-europeus-em-portugal-os-projetos-sudoe-podem-concorrer\/geral\/#article","isPartOf":{"@id":"https:\/\/interreg-sudoe.eu\/pt-pt\/2a-edicao-dos-premios-dos-fundos-europeus-em-portugal-os-projetos-sudoe-podem-concorrer\/geral\/"},"author":{"name":"isabelle roger","@id":"https:\/\/interreg-sudoe.eu\/pt-pt\/#\/schema\/person\/5debb79d953bf7990cff10c01f710acb"},"headline":"2\u00aa edi\u00e7\u00e3o dos Pr\u00e9mios dos Fundos Europeus em Portugal: os projetos Sudoe podem concorrer!","datePublished":"2026-04-30T09:44:46+00:00","dateModified":"2026-04-30T09:44:49+00:00","mainEntityOfPage":{"@id":"https:\/\/interreg-sudoe.eu\/pt-pt\/2a-edicao-dos-premios-dos-fundos-europeus-em-portugal-os-projetos-sudoe-podem-concorrer\/geral\/"},"wordCount":606,"publisher":{"@id":"https:\/\/interreg-sudoe.eu\/pt-pt\/#organization"},"image":{"@id":"https:\/\/interreg-sudoe.eu\/pt-pt\/2a-edicao-dos-premios-dos-fundos-europeus-em-portugal-os-projetos-sudoe-podem-concorrer\/geral\/#primaryimage"},"thumbnailUrl":"https:\/\/interreg-sudoe.eu\/wp-content\/uploads\/2026\/04\/banner.png","articleSection":["Geral"],"inLanguage":"pt-PT"},{"@type":"WebPage","@id":"https:\/\/interreg-sudoe.eu\/pt-pt\/2a-edicao-dos-premios-dos-fundos-europeus-em-portugal-os-projetos-sudoe-podem-concorrer\/geral\/","url":"https:\/\/interreg-sudoe.eu\/pt-pt\/2a-edicao-dos-premios-dos-fundos-europeus-em-portugal-os-projetos-sudoe-podem-concorrer\/geral\/","name":"2\u00aa edi\u00e7\u00e3o dos Pr\u00e9mios dos Fundos Europeus em Portugal: os projetos Sudoe podem concorrer! - Interreg Sudoe","isPartOf":{"@id":"https:\/\/interreg-sudoe.eu\/pt-pt\/#website"},"primaryImageOfPage":{"@id":"https:\/\/interreg-sudoe.eu\/pt-pt\/2a-edicao-dos-premios-dos-fundos-europeus-em-portugal-os-projetos-sudoe-podem-concorrer\/geral\/#primaryimage"},"image":{"@id":"https:\/\/interreg-sudoe.eu\/pt-pt\/2a-edicao-dos-premios-dos-fundos-europeus-em-portugal-os-projetos-sudoe-podem-concorrer\/geral\/#primaryimage"},"thumbnailUrl":"https:\/\/interreg-sudoe.eu\/wp-content\/uploads\/2026\/04\/banner.png","datePublished":"2026-04-30T09:44:46+00:00","dateModified":"2026-04-30T09:44:49+00:00","breadcrumb":{"@id":"https:\/\/interreg-sudoe.eu\/pt-pt\/2a-edicao-dos-premios-dos-fundos-europeus-em-portugal-os-projetos-sudoe-podem-concorrer\/geral\/#breadcrumb"},"inLanguage":"pt-PT","potentialAction":[{"@type":"ReadAction","target":["https:\/\/interreg-sudoe.eu\/pt-pt\/2a-edicao-dos-premios-dos-fundos-europeus-em-portugal-os-projetos-sudoe-podem-concorrer\/geral\/"]}]},{"@type":"ImageObject","inLanguage":"pt-PT","@id":"https:\/\/interreg-sudoe.eu\/pt-pt\/2a-edicao-dos-premios-dos-fundos-europeus-em-portugal-os-projetos-sudoe-podem-concorrer\/geral\/#primaryimage","url":"https:\/\/interreg-sudoe.eu\/wp-content\/uploads\/2026\/04\/banner.png","contentUrl":"https:\/\/interreg-sudoe.eu\/wp-content\/uploads\/2026\/04\/banner.png","width":1920,"height":345},{"@type":"BreadcrumbList","@id":"https:\/\/interreg-sudoe.eu\/pt-pt\/2a-edicao-dos-premios-dos-fundos-europeus-em-portugal-os-projetos-sudoe-podem-concorrer\/geral\/#breadcrumb","itemListElement":[{"@type":"ListItem","position":1,"name":"Home","item":"https:\/\/interreg-sudoe.eu\/pt-pt\/"},{"@type":"ListItem","position":2,"name":"2\u00aa edi\u00e7\u00e3o dos Pr\u00e9mios dos Fundos Europeus em Portugal: os projetos Sudoe podem concorrer!"}]},{"@type":"WebSite","@id":"https:\/\/interreg-sudoe.eu\/pt-pt\/#website","url":"https:\/\/interreg-sudoe.eu\/pt-pt\/","name":"Interreg Sudoe","description":"Interreg Sudoe","publisher":{"@id":"https:\/\/interreg-sudoe.eu\/pt-pt\/#organization"},"alternateName":"Interreg Sudoe","potentialAction":[{"@type":"SearchAction","target":{"@type":"EntryPoint","urlTemplate":"https:\/\/interreg-sudoe.eu\/pt-pt\/?s={search_term_string}"},"query-input":{"@type":"PropertyValueSpecification","valueRequired":true,"valueName":"search_term_string"}}],"inLanguage":"pt-PT"},{"@type":"Organization","@id":"https:\/\/interreg-sudoe.eu\/pt-pt\/#organization","name":"Interreg Sudoe","alternateName":"Interreg Sudoe","url":"https:\/\/interreg-sudoe.eu\/pt-pt\/","logo":{"@type":"ImageObject","inLanguage":"pt-PT","@id":"https:\/\/interreg-sudoe.eu\/pt-pt\/#\/schema\/logo\/image\/","url":"https:\/\/interreg-sudoe.eu\/wp-content\/uploads\/2024\/03\/logo-interreg.png","contentUrl":"https:\/\/interreg-sudoe.eu\/wp-content\/uploads\/2024\/03\/logo-interreg.png","width":1200,"height":675,"caption":"Interreg Sudoe"},"image":{"@id":"https:\/\/interreg-sudoe.eu\/pt-pt\/#\/schema\/logo\/image\/"},"sameAs":["https:\/\/www.facebook.com\/interregsudoe","https:\/\/x.com\/Sudoe5","https:\/\/www.youtube.com\/channel\/UCeGx2edoB32beRc9dbKA2vw","https:\/\/www.linkedin.com\/company\/interreg-sudoe-programme\/","https:\/\/www.flickr.com\/photos\/148704685@N06\/"]},{"@type":"Person","@id":"https:\/\/interreg-sudoe.eu\/pt-pt\/#\/schema\/person\/5debb79d953bf7990cff10c01f710acb","name":"isabelle roger","url":"https:\/\/interreg-sudoe.eu\/pt-pt\/author\/isabelle_roger-2\/"}]}},"_links":{"self":[{"href":"https:\/\/interreg-sudoe.eu\/pt-pt\/wp-json\/wp\/v2\/posts\/65128","targetHints":{"allow":["GET"]}}],"collection":[{"href":"https:\/\/interreg-sudoe.eu\/pt-pt\/wp-json\/wp\/v2\/posts"}],"about":[{"href":"https:\/\/interreg-sudoe.eu\/pt-pt\/wp-json\/wp\/v2\/types\/post"}],"author":[{"embeddable":true,"href":"https:\/\/interreg-sudoe.eu\/pt-pt\/wp-json\/wp\/v2\/users\/4334"}],"replies":[{"embeddable":true,"href":"https:\/\/interreg-sudoe.eu\/pt-pt\/wp-json\/wp\/v2\/comments?post=65128"}],"version-history":[{"count":3,"href":"https:\/\/interreg-sudoe.eu\/pt-pt\/wp-json\/wp\/v2\/posts\/65128\/revisions"}],"predecessor-version":[{"id":65167,"href":"https:\/\/interreg-sudoe.eu\/pt-pt\/wp-json\/wp\/v2\/posts\/65128\/revisions\/65167"}],"wp:featuredmedia":[{"embeddable":true,"href":"https:\/\/interreg-sudoe.eu\/pt-pt\/wp-json\/wp\/v2\/media\/65079"}],"wp:attachment":[{"href":"https:\/\/interreg-sudoe.eu\/pt-pt\/wp-json\/wp\/v2\/media?parent=65128"}],"wp:term":[{"taxonomy":"category","embeddable":true,"href":"https:\/\/interreg-sudoe.eu\/pt-pt\/wp-json\/wp\/v2\/categories?post=65128"},{"taxonomy":"post_tag","embeddable":true,"href":"https:\/\/interreg-sudoe.eu\/pt-pt\/wp-json\/wp\/v2\/tags?post=65128"},{"taxonomy":"publicacion--inicio","embeddable":true,"href":"https:\/\/interreg-sudoe.eu\/pt-pt\/wp-json\/wp\/v2\/publicacion--inicio?post=65128"}],"curies":[{"name":"wp","href":"https:\/\/api.w.org\/{rel}","templated":true}]}}